{"id":32780,"date":"2025-06-26T17:31:03","date_gmt":"2025-06-26T23:31:03","guid":{"rendered":"http:\/\/elobservatorio.com.mx\/?p=32780"},"modified":"2025-06-26T17:31:03","modified_gmt":"2025-06-26T23:31:03","slug":"la-udec-comprometida-con-la-rendicion-de-cuentas-e-l-preciado-titular-de-osafig","status":"publish","type":"post","link":"http:\/\/elobservatorio.com.mx\/?p=32780","title":{"rendered":"La UdeC, comprometida con la rendici\u00f3n de cuentas: E. L. Preciado, titular de OSAFIG"},"content":{"rendered":"<p><em>*El acuerdo facilitar\u00e1 el uso del Sistema de Declaraci\u00f3n Patrimonial (SIDEPAD), una plataforma digital segura que permite a los servidores p\u00fablicos de la Universidad cumplir con lo establecido en la Ley General de Responsabilidades Administrativas.<\/em><\/p>\n<p>Con el objetivo de seguir fortaleciendo y de actualizar su sistema de transparencia, la Universidad de Colima firm\u00f3 este jueves un convenio de colaboraci\u00f3n con el \u00d3rgano Superior de Auditor\u00eda y Fiscalizaci\u00f3n Gubernamental del Estado de Colima (OSAFIG). La firma tuvo lugar en las instalaciones de este \u00f3rgano fiscalizador.<\/p>\n<p>El acuerdo facilitar\u00e1 el uso del Sistema de Declaraci\u00f3n Patrimonial (SIDEPAD), una plataforma digital segura que permite a los servidores p\u00fablicos de la Universidad cumplir con lo establecido en la Ley General de Responsabilidades Administrativas, garantizando la privacidad de los datos personales y promoviendo la rendici\u00f3n de cuentas dentro de la instituci\u00f3n.<\/p>\n<p>El convenio fue suscrito por Leobardo George Oc\u00f3n, abogado general de la Universidad de Colima, y por Esther Le\u00f3n Preciado, titular del OSAFIG. Durante el acto, Leobardo explic\u00f3 que esta herramienta tecnol\u00f3gica permitir\u00e1 a la Universidad cumplir de manera eficiente con sus obligaciones legales:<\/p>\n<p>\u201cEl SIDEPAD nos permite cumplir con una disposici\u00f3n de ley en materia de responsabilidades administrativas. Es una plataforma que fortalece la transparencia y la rendici\u00f3n de cuentas desde el interior de la instituci\u00f3n\u201d, afirm\u00f3.<\/p>\n<p>Por su parte, Esther Le\u00f3n, auditora superior del estado, subray\u00f3 la importancia de que las y los servidores p\u00fablicos presenten su declaraci\u00f3n patrimonial como un ejercicio de legalidad y transparencia:<\/p>\n<p>\u201cEl objetivo de este convenio es apoyar a las instituciones en el cumplimiento de esta obligaci\u00f3n legal, que nos exige rendir cuentas claras sobre los recursos devengados en las n\u00f3minas p\u00fablicas. Celebramos que la Universidad de Colima lo haga de manera puntual y comprometida cada a\u00f1o\u201d, se\u00f1al\u00f3.<\/p>\n<p>El OSAFIG, como \u00f3rgano t\u00e9cnico del Congreso del Estado, es responsable de vigilar el uso correcto, eficiente y transparente de los recursos p\u00fablicos en Colima, asegurando que se apliquen conforme a la ley y con fines leg\u00edtimos.<\/p>\n<p>Este convenio refuerza el compromiso institucional de la Universidad de Colima con la legalidad, la transparencia y la rendici\u00f3n de cuentas, pilares fundamentales en la gesti\u00f3n p\u00fablica universitaria.<\/p>\n<p>&nbsp;<\/p>\n<p>&nbsp;<\/p>\n","protected":false},"excerpt":{"rendered":"<p>*El acuerdo facilitar\u00e1 el uso del Sistema de Declaraci\u00f3n Patrimonial (SIDEPAD), una plataforma digital segura que permite a los servidores p\u00fablicos de la Universidad cumplir con lo establecido en la Ley General de Responsabilidades Administrativas. Con el objetivo de seguir fortaleciendo y de actualizar su sistema de transparencia, la Universidad de Colima firm\u00f3 este jueves&#8230;<\/p>\n","protected":false},"author":2,"featured_media":32781,"comment_status":"closed","ping_status":"open","sticky":false,"template":"","format":"standard","meta":{"footnotes":""},"categories":[14],"tags":[29,30,28],"class_list":["post-32780","post","type-post","status-publish","format-standard","has-post-thumbnail","hentry","category-educacion-y-cultura","tag-grid","tag-news","tag-slider"],"_links":{"self":[{"href":"http:\/\/elobservatorio.com.mx\/index.php?rest_route=\/wp\/v2\/posts\/32780"}],"collection":[{"href":"http:\/\/elobservatorio.com.mx\/index.php?rest_route=\/wp\/v2\/posts"}],"about":[{"href":"http:\/\/elobservatorio.com.mx\/index.php?rest_route=\/wp\/v2\/types\/post"}],"author":[{"embeddable":true,"href":"http:\/\/elobservatorio.com.mx\/index.php?rest_route=\/wp\/v2\/users\/2"}],"replies":[{"embeddable":true,"href":"http:\/\/elobservatorio.com.mx\/index.php?rest_route=%2Fwp%2Fv2%2Fcomments&post=32780"}],"version-history":[{"count":1,"href":"http:\/\/elobservatorio.com.mx\/index.php?rest_route=\/wp\/v2\/posts\/32780\/revisions"}],"predecessor-version":[{"id":32782,"href":"http:\/\/elobservatorio.com.mx\/index.php?rest_route=\/wp\/v2\/posts\/32780\/revisions\/32782"}],"wp:featuredmedia":[{"embeddable":true,"href":"http:\/\/elobservatorio.com.mx\/index.php?rest_route=\/wp\/v2\/media\/32781"}],"wp:attachment":[{"href":"http:\/\/elobservatorio.com.mx\/index.php?rest_route=%2Fwp%2Fv2%2Fmedia&parent=32780"}],"wp:term":[{"taxonomy":"category","embeddable":true,"href":"http:\/\/elobservatorio.com.mx\/index.php?rest_route=%2Fwp%2Fv2%2Fcategories&post=32780"},{"taxonomy":"post_tag","embeddable":true,"href":"http:\/\/elobservatorio.com.mx\/index.php?rest_route=%2Fwp%2Fv2%2Ftags&post=32780"}],"curies":[{"name":"wp","href":"https:\/\/api.w.org\/{rel}","templated":true}]}}