{"id":32783,"date":"2025-06-26T17:38:51","date_gmt":"2025-06-26T23:38:51","guid":{"rendered":"http:\/\/elobservatorio.com.mx\/?p=32783"},"modified":"2025-06-26T17:38:51","modified_gmt":"2025-06-26T23:38:51","slug":"docentes-participan-en-bootcamp-innova-emprende-para-fortalecer-espiritu-emprendedor","status":"publish","type":"post","link":"http:\/\/elobservatorio.com.mx\/?p=32783","title":{"rendered":"Docentes participan en \u201cBootCamp Innova  Emprende\u201d, para fortalecer esp\u00edritu emprendedor"},"content":{"rendered":"<p><em>*\u201cQuienes atienden a nuestras y nuestros estudiantes deben contar con herramientas actualizadas que les permitan innovar, resolver problemas y mejorar la calidad del acompa\u00f1amiento que brindamos\u201d: Gerardo C\u00e1rdenas.<\/em><\/p>\n<p>La ma\u00f1ana de este jueves inici\u00f3 el taller \u201cBootCamp Innova Emprende\u201d, organizado por la Direcci\u00f3n General de Tecnolog\u00edas Informacionales en colaboraci\u00f3n con la Direcci\u00f3n General de Innovaci\u00f3n y Cultura Emprendedora de la Universidad de Colima, como parte de las actividades de las Jornadas Acad\u00e9micas 2025: Enfoques actuales de la Educaci\u00f3n Superior en M\u00e9xico.<\/p>\n<p>Durante la ceremonia de apertura, Gerardo Emmanuel C\u00e1rdenas Villa, coordinador general de Tecnolog\u00edas de Informaci\u00f3n de la UdeC, destac\u00f3 que este taller representa una valiosa oportunidad para fortalecer las capacidades y habilidades del personal acad\u00e9mico y administrativo universitario, con una orientaci\u00f3n clara hacia la mejora continua.<\/p>\n<p>\u201cVivimos en un contexto donde la innovaci\u00f3n, el emprendimiento y la gesti\u00f3n eficiente de proyectos son pilares indispensables para el crecimiento organizacional. El objetivo central de este <em>bootcamp<\/em> es que ustedes, como participantes, adquieran una metodolog\u00eda \u00e1gil basada en los principios de <em>Lean Startup<\/em>, una filosof\u00eda que promueve la creaci\u00f3n y validaci\u00f3n r\u00e1pida de ideas, centrada en el aprendizaje constante, la eficiencia y el impacto\u201d, se\u00f1al\u00f3.<\/p>\n<p>Un <em>bootcamp<\/em> es un modelo de formaci\u00f3n intensiva, breve y altamente pr\u00e1ctico, dise\u00f1ado para que los participantes adquieran habilidades espec\u00edficas en un corto periodo de tiempo. Este formato se caracteriza por su enfoque din\u00e1mico y colaborativo, ideal para fomentar el aprendizaje activo, el trabajo en equipo y la resoluci\u00f3n de problemas reales.<\/p>\n<p>En este caso, el <em>bootcamp<\/em> se basa en la metodolog\u00eda <em>Lean Startup<\/em>, un enfoque de innovaci\u00f3n desarrollado por Eric Ries que propone lanzar productos o ideas r\u00e1pidamente, validarlas con usuarios reales y ajustar el rumbo seg\u00fan los resultados, priorizando el aprendizaje continuo y la eficiencia sobre los procesos tradicionales.<\/p>\n<p>C\u00e1rdenas Villa dijo que uno de los ejes fundamentales del taller es el fortalecimiento de competencias personales y sociales, tales como el trabajo colaborativo, el compromiso individual y colectivo, el respeto mutuo y una comunicaci\u00f3n transparente y asertiva. \u201cEstos elementos -afirm\u00f3- son clave no solo para el \u00e9xito de cualquier proyecto, sino tambi\u00e9n para el desarrollo de una cultura organizacional saludable, emp\u00e1tica y eficaz\u201d.<\/p>\n<p>Asimismo, remarc\u00f3 que este esfuerzo responde a una visi\u00f3n institucional que apuesta por la capacitaci\u00f3n continua del personal universitario, considerado parte esencial del engranaje que da vida a la Universidad. \u201cQuienes atienden a nuestras y nuestros estudiantes deben contar con herramientas actualizadas que les permitan innovar, resolver problemas y mejorar la calidad del acompa\u00f1amiento que brindamos\u201d.<\/p>\n<p>Por su parte, Krishna Neith Guzm\u00e1n Benavides, directora general de Innovaci\u00f3n y Cultura Emprendedora, explic\u00f3 que el taller busca mostrar el camino del emprendimiento como un proceso creativo y transformador:<\/p>\n<p>\u201cSer emprendedor no es otra cosa que atreverse a hacer las cosas de forma diferente. En este <em>bootcamp<\/em> queremos despertar ese impulso, brindar herramientas concretas y generar un entorno donde cada participante se sienta con la libertad y capacidad de innovar desde su rol dentro de la universidad\u201d, concluy\u00f3.<\/p>\n<p>El \u201cBootCamp Innova Emprende\u201d forma parte de una estrategia institucional m\u00e1s amplia que busca fomentar una cultura de innovaci\u00f3n, adaptabilidad y liderazgo dentro de la Universidad de Colima, en sinton\u00eda con los desaf\u00edos de la educaci\u00f3n superior en la actualidad.<\/p>\n","protected":false},"excerpt":{"rendered":"<p>*\u201cQuienes atienden a nuestras y nuestros estudiantes deben contar con herramientas actualizadas que les permitan innovar, resolver problemas y mejorar la calidad del acompa\u00f1amiento que brindamos\u201d: Gerardo C\u00e1rdenas. La ma\u00f1ana de este jueves inici\u00f3 el taller \u201cBootCamp Innova Emprende\u201d, organizado por la Direcci\u00f3n General de Tecnolog\u00edas Informacionales en colaboraci\u00f3n con la Direcci\u00f3n General de Innovaci\u00f3n&#8230;<\/p>\n","protected":false},"author":2,"featured_media":32784,"comment_status":"closed","ping_status":"open","sticky":false,"template":"","format":"standard","meta":{"footnotes":""},"categories":[14],"tags":[29,30,28],"class_list":["post-32783","post","type-post","status-publish","format-standard","has-post-thumbnail","hentry","category-educacion-y-cultura","tag-grid","tag-news","tag-slider"],"_links":{"self":[{"href":"http:\/\/elobservatorio.com.mx\/index.php?rest_route=\/wp\/v2\/posts\/32783"}],"collection":[{"href":"http:\/\/elobservatorio.com.mx\/index.php?rest_route=\/wp\/v2\/posts"}],"about":[{"href":"http:\/\/elobservatorio.com.mx\/index.php?rest_route=\/wp\/v2\/types\/post"}],"author":[{"embeddable":true,"href":"http:\/\/elobservatorio.com.mx\/index.php?rest_route=\/wp\/v2\/users\/2"}],"replies":[{"embeddable":true,"href":"http:\/\/elobservatorio.com.mx\/index.php?rest_route=%2Fwp%2Fv2%2Fcomments&post=32783"}],"version-history":[{"count":1,"href":"http:\/\/elobservatorio.com.mx\/index.php?rest_route=\/wp\/v2\/posts\/32783\/revisions"}],"predecessor-version":[{"id":32785,"href":"http:\/\/elobservatorio.com.mx\/index.php?rest_route=\/wp\/v2\/posts\/32783\/revisions\/32785"}],"wp:featuredmedia":[{"embeddable":true,"href":"http:\/\/elobservatorio.com.mx\/index.php?rest_route=\/wp\/v2\/media\/32784"}],"wp:attachment":[{"href":"http:\/\/elobservatorio.com.mx\/index.php?rest_route=%2Fwp%2Fv2%2Fmedia&parent=32783"}],"wp:term":[{"taxonomy":"category","embeddable":true,"href":"http:\/\/elobservatorio.com.mx\/index.php?rest_route=%2Fwp%2Fv2%2Fcategories&post=32783"},{"taxonomy":"post_tag","embeddable":true,"href":"http:\/\/elobservatorio.com.mx\/index.php?rest_route=%2Fwp%2Fv2%2Ftags&post=32783"}],"curies":[{"name":"wp","href":"https:\/\/api.w.org\/{rel}","templated":true}]}}