{"id":32791,"date":"2025-07-10T00:18:16","date_gmt":"2025-07-10T06:18:16","guid":{"rendered":"http:\/\/elobservatorio.com.mx\/?p=32791"},"modified":"2025-07-10T00:18:30","modified_gmt":"2025-07-10T06:18:30","slug":"la-lucha-del-campo-tiene-identidad-y-rumbol-propio","status":"publish","type":"post","link":"http:\/\/elobservatorio.com.mx\/?p=32791","title":{"rendered":"La lucha del campo tiene identidad y rumbo propio"},"content":{"rendered":"<p class=\"x_gmail-MsoListParagraph\"><em>* COUC llama a productores a actuar con unidad y estrategia frente a los desaf\u00edos del campo<\/em><\/p>\n<p class=\"x_MsoNormal\">Agust\u00edn Espinoza Laguna, secretario general de la Coordinaci\u00f3n Organizadora Unidad Campesina (COUC) en Sinaloa hace un llamado respetuoso, pero firme, a todas las organizaciones y productores del estado para actuar con inteligencia, responsabilidad y visi\u00f3n colectiva frente a los desaf\u00edos actuales del campo.<\/p>\n<p class=\"x_MsoNormal\">Espinoza se\u00f1al\u00f3 que, en todo el pa\u00eds, los productores enfrentan una crisis profunda derivada de bajos precios, costos de producci\u00f3n al alza y condiciones clim\u00e1ticas adversas. Sin embargo, Sinaloa vive una realidad propia, con caracter\u00edsticas particulares en su modelo agr\u00edcola, especialmente en el cultivo de ma\u00edz blanco de riego, que no es comparable con las condiciones de otras regiones.<\/p>\n<p class=\"x_MsoNormal\">Por ello que, el dirigente de la COUC Sinaloa se\u00f1al\u00f3 que la lucha por un precio justo para el ma\u00edz sinaloense no puede ni debe mezclarse con movimientos nacionales que tienen otras demandas y prioridades. Aunque reconoce la legitimidad de las causas de productores de Tamaulipas, Guanajuato y otras entidades, es fundamental evitar que las demandas locales se diluyan en agendas que no reflejan la problem\u00e1tica ni las posibilidades reales de soluci\u00f3n para Sinaloa.<\/p>\n<p class=\"x_MsoNormal\">\u201cEn Sinaloa, existe una ruta de gesti\u00f3n que est\u00e1 en marcha, con acercamientos y esfuerzos que requieren madurez pol\u00edtica, cohesi\u00f3n y estrategia para dar resultados. Si desordenamos la narrativa, si desatendemos el contexto local, corremos el riesgo de echar por tierra meses de di\u00e1logo y trabajo serio\u201d, recalc\u00f3 el l\u00edder campesino.<\/p>\n<p class=\"x_MsoNormal\">Reiter\u00f3 que, desde la COUC, no se apuesta a la sumisi\u00f3n ni al enfrentamiento est\u00e9ril, sino a la organizaci\u00f3n con rumbo. No se buscan protagonismos, sino resultados. Y estos solo se logran cuando hay claridad, unidad y responsabilidad en la conducci\u00f3n de las luchas.<\/p>\n<p class=\"x_MsoNormal\">\u201cPor ello, hacemos un llamado a todos los productores sinaloenses a no dejarse arrastrar por movimientos externos que, aunque leg\u00edtimos, hoy no abonan a la causa sinaloense. Necesitamos defender lo nuestro, con nuestra propia voz. Unidad s\u00ed, pero con identidad. Protesta s\u00ed, pero con prop\u00f3sito. Gesti\u00f3n s\u00ed, pero con estrategia\u201d, finaliz\u00f3 Espinoza Laguna.<\/p>\n","protected":false},"excerpt":{"rendered":"<p>* COUC llama a productores a actuar con unidad y estrategia frente a los desaf\u00edos del campo Agust\u00edn Espinoza Laguna, secretario general de la Coordinaci\u00f3n Organizadora Unidad Campesina (COUC) en Sinaloa hace un llamado respetuoso, pero firme, a todas las organizaciones y productores del estado para actuar con inteligencia, responsabilidad y visi\u00f3n colectiva frente a&#8230;<\/p>\n","protected":false},"author":2,"featured_media":32792,"comment_status":"closed","ping_status":"open","sticky":false,"template":"","format":"standard","meta":{"footnotes":""},"categories":[9],"tags":[29,30,28],"class_list":["post-32791","post","type-post","status-publish","format-standard","has-post-thumbnail","hentry","category-agro-y-salud","tag-grid","tag-news","tag-slider"],"_links":{"self":[{"href":"http:\/\/elobservatorio.com.mx\/index.php?rest_route=\/wp\/v2\/posts\/32791"}],"collection":[{"href":"http:\/\/elobservatorio.com.mx\/index.php?rest_route=\/wp\/v2\/posts"}],"about":[{"href":"http:\/\/elobservatorio.com.mx\/index.php?rest_route=\/wp\/v2\/types\/post"}],"author":[{"embeddable":true,"href":"http:\/\/elobservatorio.com.mx\/index.php?rest_route=\/wp\/v2\/users\/2"}],"replies":[{"embeddable":true,"href":"http:\/\/elobservatorio.com.mx\/index.php?rest_route=%2Fwp%2Fv2%2Fcomments&post=32791"}],"version-history":[{"count":2,"href":"http:\/\/elobservatorio.com.mx\/index.php?rest_route=\/wp\/v2\/posts\/32791\/revisions"}],"predecessor-version":[{"id":32794,"href":"http:\/\/elobservatorio.com.mx\/index.php?rest_route=\/wp\/v2\/posts\/32791\/revisions\/32794"}],"wp:featuredmedia":[{"embeddable":true,"href":"http:\/\/elobservatorio.com.mx\/index.php?rest_route=\/wp\/v2\/media\/32792"}],"wp:attachment":[{"href":"http:\/\/elobservatorio.com.mx\/index.php?rest_route=%2Fwp%2Fv2%2Fmedia&parent=32791"}],"wp:term":[{"taxonomy":"category","embeddable":true,"href":"http:\/\/elobservatorio.com.mx\/index.php?rest_route=%2Fwp%2Fv2%2Fcategories&post=32791"},{"taxonomy":"post_tag","embeddable":true,"href":"http:\/\/elobservatorio.com.mx\/index.php?rest_route=%2Fwp%2Fv2%2Ftags&post=32791"}],"curies":[{"name":"wp","href":"https:\/\/api.w.org\/{rel}","templated":true}]}}