{"id":32795,"date":"2025-07-10T00:42:22","date_gmt":"2025-07-10T06:42:22","guid":{"rendered":"http:\/\/elobservatorio.com.mx\/?p=32795"},"modified":"2025-07-10T00:42:22","modified_gmt":"2025-07-10T06:42:22","slug":"tey-continua-trabajo-cercano-con-la-zona-rural-de-vdea","status":"publish","type":"post","link":"http:\/\/elobservatorio.com.mx\/?p=32795","title":{"rendered":"Tey contin\u00faa trabajo cercano \u200econ la zona rural de VdeA"},"content":{"rendered":"<p><em>\u200e * Ante comisarias y comisarios, la Alcaldesa present\u00f3 los programas municipales vigentes para las 12 comunidades<\/em><br \/>\n\u200e<br \/>\n\u200eVilla de \u00c1lvarez, Col.- La Presidenta Tey Guti\u00e9rrez Andrade present\u00f3 a las comisarias y comisarios municipales de Villa de \u00c1lvarez, los programas que su gobierno ha desarrollado para la poblaci\u00f3n de la zona rural, pues, asegur\u00f3, es una prioridad la atenci\u00f3n afectiva, efectiva y cercana con las 12 localidades.<br \/>\n\u200e<br \/>\n\u200e\u201cDentro de las Metas Estrat\u00e9gicas del Programa de Gobierno del A\u00f1o 2025, se establece una serie de programas, acciones y pol\u00edticas p\u00fablicas encaminadas al desarrollo integral de la poblaci\u00f3n que habita en la zona rural de Villa de \u00c1lvarez\u201d, dijo la Alcaldesa en la reuni\u00f3n de trabajo celebrada en el Sal\u00f3n Verde de la Presidencia Municipal.<br \/>\n\u200e<br \/>\n\u200eComent\u00f3 sobre el programa de audiencias p\u00fablicas D\u00eda Rural con tu Presidenta, que acerca todos los servicios del municipio a la gente de las localidades, para que tengan de primera mano el contacto con funcionarios y funcionarias y as\u00ed se resuelvan de inmediato las peticiones ciudadanas, mientras las que requieran m\u00e1s tiempo hacerlo, se atienden de manera programada.<br \/>\n\u200e<br \/>\n\u200eEn materia de seguridad p\u00fablica explic\u00f3 los programas Municipio Constructor de Paz, que ofrece gratis asesor\u00edas psicol\u00f3gicas, psiqui\u00e1tricas, atenci\u00f3n m\u00e9dica, trabajo social y consejer\u00eda en adicciones; Infancia, Adolescencia y Juventud Constructora de Paz, el cual imparte talleres educativos para la construcci\u00f3n de paz en infantes y j\u00f3venes,\u00a0y las charlas de Ciber-Seguridad, de Seguridad Infantil y Vive Feliz, Vive sin<br \/>\n\u200eAdicciones.<br \/>\n\u200e<br \/>\n\u200eDijo que el Instituto Villalvarense de la Juventud tiene para la zona rural Talleres y Actividades para el Desarrollo Integral de las Juventudes, como el de Formaci\u00f3n Creativa y Expresi\u00f3n Cultural, el de Dibujo, el de Habilidades para la Vida y Progreso Profesional, el B\u00e1sico de Ingl\u00e9s, el de Finanzas Personales, el de Emprendedurismo y el de Oratoria.<br \/>\n\u200e<br \/>\n\u200eGuti\u00e9rrez Andrade se\u00f1al\u00f3 que el Instituto de las Mujeres Villalvarenses tiene para las comunidades Talleres de Empoderamiento, Charlas de Capacitaci\u00f3n, Promoci\u00f3n de la Aplicaci\u00f3n Bot\u00f3n Diana y brinda de manera permanente atenci\u00f3n a mujeres en situaci\u00f3n de violencia.<br \/>\n\u200e<br \/>\n\u200eCon relaci\u00f3n a la campa\u00f1a de Recolecci\u00f3n de ramas y cacharros, dijo que este mes de julio llegar\u00e1 a las 12 comunidades y record\u00f3 que la recolecci\u00f3n de basura se hace en las localidades de la zona poniente los mi\u00e9rcoles y viernes y en las de la zona norte los martes y s\u00e1bados a partir de las 9 de la ma\u00f1ana.<br \/>\n\u200e<br \/>\n\u200eTey Guti\u00e9rrez habl\u00f3 de las campa\u00f1as del DIF Municipal para detecci\u00f3n de c\u00e1ncer de pr\u00f3stata, c\u00e1ncer de pulm\u00f3n y c\u00e1ncer de mama, que al igual que en la Ciudad de Villa de \u00c1lvarez, tambi\u00e9n benefician a la poblaci\u00f3n de la zona rural, entre otros programas de ese organismo.<br \/>\n\u200e<br \/>\n\u200eA la Segunda Reuni\u00f3n de Trabajo Semestral con las autoridades auxiliares, asistieron comisarios y comisarias de El Chivato, Nuevo Naranjal, El Naranjal, Juluapan, Pe\u00f1itas, Agua Dulce, Pueblo Nuevo, Mixcoate y Joyitas, adem\u00e1s de la totalidad de directores y directoras de las diferentes \u00e1reas del Ayuntamiento de Villa de \u00c1lvarez.<\/p>\n","protected":false},"excerpt":{"rendered":"<p>\u200e * Ante comisarias y comisarios, la Alcaldesa present\u00f3 los programas municipales vigentes para las 12 comunidades \u200e \u200eVilla de \u00c1lvarez, Col.- La Presidenta Tey Guti\u00e9rrez Andrade present\u00f3 a las comisarias y comisarios municipales de Villa de \u00c1lvarez, los programas que su gobierno ha desarrollado para la poblaci\u00f3n de la zona rural, pues, asegur\u00f3, es&#8230;<\/p>\n","protected":false},"author":2,"featured_media":32796,"comment_status":"closed","ping_status":"open","sticky":false,"template":"","format":"standard","meta":{"footnotes":""},"categories":[42,8],"tags":[29,30,28],"class_list":["post-32795","post","type-post","status-publish","format-standard","has-post-thumbnail","hentry","category-villa-de-alvarez","category-municipios","tag-grid","tag-news","tag-slider"],"_links":{"self":[{"href":"http:\/\/elobservatorio.com.mx\/index.php?rest_route=\/wp\/v2\/posts\/32795"}],"collection":[{"href":"http:\/\/elobservatorio.com.mx\/index.php?rest_route=\/wp\/v2\/posts"}],"about":[{"href":"http:\/\/elobservatorio.com.mx\/index.php?rest_route=\/wp\/v2\/types\/post"}],"author":[{"embeddable":true,"href":"http:\/\/elobservatorio.com.mx\/index.php?rest_route=\/wp\/v2\/users\/2"}],"replies":[{"embeddable":true,"href":"http:\/\/elobservatorio.com.mx\/index.php?rest_route=%2Fwp%2Fv2%2Fcomments&post=32795"}],"version-history":[{"count":1,"href":"http:\/\/elobservatorio.com.mx\/index.php?rest_route=\/wp\/v2\/posts\/32795\/revisions"}],"predecessor-version":[{"id":32797,"href":"http:\/\/elobservatorio.com.mx\/index.php?rest_route=\/wp\/v2\/posts\/32795\/revisions\/32797"}],"wp:featuredmedia":[{"embeddable":true,"href":"http:\/\/elobservatorio.com.mx\/index.php?rest_route=\/wp\/v2\/media\/32796"}],"wp:attachment":[{"href":"http:\/\/elobservatorio.com.mx\/index.php?rest_route=%2Fwp%2Fv2%2Fmedia&parent=32795"}],"wp:term":[{"taxonomy":"category","embeddable":true,"href":"http:\/\/elobservatorio.com.mx\/index.php?rest_route=%2Fwp%2Fv2%2Fcategories&post=32795"},{"taxonomy":"post_tag","embeddable":true,"href":"http:\/\/elobservatorio.com.mx\/index.php?rest_route=%2Fwp%2Fv2%2Ftags&post=32795"}],"curies":[{"name":"wp","href":"https:\/\/api.w.org\/{rel}","templated":true}]}}