{"id":32798,"date":"2025-07-16T21:52:47","date_gmt":"2025-07-17T03:52:47","guid":{"rendered":"http:\/\/elobservatorio.com.mx\/?p=32798"},"modified":"2025-07-16T21:52:47","modified_gmt":"2025-07-17T03:52:47","slug":"fge-logra-40-anos-de-prision-para-5-personas-por-homicidio-calificado","status":"publish","type":"post","link":"http:\/\/elobservatorio.com.mx\/?p=32798","title":{"rendered":"FGE logra 40 a\u00f1os de prisi\u00f3n para 5 personas por homicidio calificado"},"content":{"rendered":"<ul>\n<li><em>El hecho se dio en enero de 2023 cuando privaron de la vida a quien respond\u00eda como titular de la UECS de esta dependencia<\/em><\/li>\n<\/ul>\n<p>La Fiscal\u00eda General del Estado (FGE), informa que, como resultado de un trabajo integral de investigaci\u00f3n y la presentaci\u00f3n de pruebas contundentes, se obtuvo la sentencia condenatoria en contra de Carlos Fernando \u201cN\u201d, Uziel Adonai \u201cN\u201d, Juan Manuel \u201cN\u201d, Francisco Javier \u201cN\u201d y Uriel \u201cN\u201d, como responsables del delito de homicidio calificado cometido en agravio de Martha \u201cN\u201d, funcionaria de esta instituci\u00f3n.<\/p>\n<p>El suceso ocurri\u00f3 el d\u00eda 11 de enero de 2023, en un domicilio ubicado en la colonia La Joya en el municipio de Villa de \u00c1lvarez. De acuerdo con la investigaci\u00f3n ministerial, los hoy sentenciados, actuando de manera coordinada, lograron la agresi\u00f3n contra la v\u00edctima cuando uno de los sentenciados la impact\u00f3 con disparos de arma de fuego lesion\u00e1ndola de gravedad, y como consecuencia de ello perdiera la vida recibiendo atenci\u00f3n m\u00e9dica. Despu\u00e9s de perpetrar el crimen, los agresores huyeron a bordo de tres veh\u00edculos automotores.<\/p>\n<p>Resultado de las investigaciones realizadas y una vez agotadas todas las etapas del proceso, el tribunal de enjuiciamiento dict\u00f3 la sentencia condenatoria imponiendo las penas de 40 a\u00f1os de prisi\u00f3n para cada uno de los sentenciados, adem\u00e1s del pago econ\u00f3mico de una multa.<\/p>\n<p>Con estas acciones la FGE confirma su compromiso de combatir la impunidad con investigaci\u00f3n y seguimiento para llevar a las instancias judiciales a los responsables de diversos delitos.<\/p>\n<p>&nbsp;<\/p>\n","protected":false},"excerpt":{"rendered":"<p>El hecho se dio en enero de 2023 cuando privaron de la vida a quien respond\u00eda como titular de la UECS de esta dependencia La Fiscal\u00eda General del Estado (FGE), informa que, como resultado de un trabajo integral de investigaci\u00f3n y la presentaci\u00f3n de pruebas contundentes, se obtuvo la sentencia condenatoria en contra de Carlos&#8230;<\/p>\n","protected":false},"author":2,"featured_media":32799,"comment_status":"closed","ping_status":"open","sticky":false,"template":"","format":"standard","meta":{"footnotes":""},"categories":[15],"tags":[29,30,28],"class_list":["post-32798","post","type-post","status-publish","format-standard","has-post-thumbnail","hentry","category-seguridad-y-justicia","tag-grid","tag-news","tag-slider"],"_links":{"self":[{"href":"http:\/\/elobservatorio.com.mx\/index.php?rest_route=\/wp\/v2\/posts\/32798"}],"collection":[{"href":"http:\/\/elobservatorio.com.mx\/index.php?rest_route=\/wp\/v2\/posts"}],"about":[{"href":"http:\/\/elobservatorio.com.mx\/index.php?rest_route=\/wp\/v2\/types\/post"}],"author":[{"embeddable":true,"href":"http:\/\/elobservatorio.com.mx\/index.php?rest_route=\/wp\/v2\/users\/2"}],"replies":[{"embeddable":true,"href":"http:\/\/elobservatorio.com.mx\/index.php?rest_route=%2Fwp%2Fv2%2Fcomments&post=32798"}],"version-history":[{"count":1,"href":"http:\/\/elobservatorio.com.mx\/index.php?rest_route=\/wp\/v2\/posts\/32798\/revisions"}],"predecessor-version":[{"id":32800,"href":"http:\/\/elobservatorio.com.mx\/index.php?rest_route=\/wp\/v2\/posts\/32798\/revisions\/32800"}],"wp:featuredmedia":[{"embeddable":true,"href":"http:\/\/elobservatorio.com.mx\/index.php?rest_route=\/wp\/v2\/media\/32799"}],"wp:attachment":[{"href":"http:\/\/elobservatorio.com.mx\/index.php?rest_route=%2Fwp%2Fv2%2Fmedia&parent=32798"}],"wp:term":[{"taxonomy":"category","embeddable":true,"href":"http:\/\/elobservatorio.com.mx\/index.php?rest_route=%2Fwp%2Fv2%2Fcategories&post=32798"},{"taxonomy":"post_tag","embeddable":true,"href":"http:\/\/elobservatorio.com.mx\/index.php?rest_route=%2Fwp%2Fv2%2Ftags&post=32798"}],"curies":[{"name":"wp","href":"https:\/\/api.w.org\/{rel}","templated":true}]}}