{"id":32801,"date":"2025-07-16T22:53:45","date_gmt":"2025-07-17T04:53:45","guid":{"rendered":"http:\/\/elobservatorio.com.mx\/?p=32801"},"modified":"2025-07-16T22:53:45","modified_gmt":"2025-07-17T04:53:45","slug":"gobierno-de-riult-rivera-continua-con-las-charlas-para-impulsar-el-emprendimiento-en-los-negocios","status":"publish","type":"post","link":"http:\/\/elobservatorio.com.mx\/?p=32801","title":{"rendered":"Gobierno de Riult Rivera contin\u00faa con las charlas para impulsar el emprendimiento en los negocios"},"content":{"rendered":"<ul>\n<li><em>En esta jornada, participo el director de Canaco Colima, Ivan Ramos.<\/em><\/li>\n<\/ul>\n<p>Colina, Col., 16 de julio de 2025.- En el marco del Macroprograma Colima Emprende, el Ayuntamiento de Colima que preside el alcalde Riult Rivera Guti\u00e9rrez, a trav\u00e9s de la Direcci\u00f3n de Fomento Econ\u00f3mico y Mejora Regulatoria, llev\u00f3 a cabo la novena capacitaci\u00f3n gratuita titulada \u00a1La Hol\u00edstica en los Negocios!: Aportar a las empresas de manera integral, una sesi\u00f3n que brind\u00f3 a emprendedores y empresarios herramientas clave para fortalecer sus negocios desde una perspectiva humana y sostenible.<\/p>\n<p>El Presidente Municipal Riult Rivera Guti\u00e9rrez implementa estas acciones, como parte de su visi\u00f3n por construir Otro Colima m\u00e1s prospero y competitivo, gracias a su compromiso con el desarrollo econ\u00f3mico y social del municipio, se siguen impulsando programas que adem\u00e1s de fomentar la productividad, tambi\u00e9n fomentan el bienestar de las personas y el entorno.<\/p>\n<p>La capacitaci\u00f3n fue impartida por Iv\u00e1n Ramos, Director de la CANACO Colima, quien abord\u00f3 temas fundamentales para el presente y futuro de las empresas como son el Bienestar mental y emocional de los empleados, Impacto ambiental y responsabilidad social empresarial.<\/p>\n<p>Otro de los temas interesantes que se abordaron en esta charla fue, Crecimiento personal y profesional de l\u00edderes y colaboradores, as\u00ed como<br \/>\nEquilibrio entre trabajo y vida personal.<\/p>\n<p>Con esta novena jornada, Colima Emprende, reafirma su prop\u00f3sito de formar empresarios m\u00e1s conscientes, preparados para enfrentar los retos del mundo actual con una visi\u00f3n integral, colaborativa y sostenible.<\/p>\n<p>Desde el Gobierno Municipal de Colima, seguimos construyendo juntos Otro Colima Por Ti.<\/p>\n","protected":false},"excerpt":{"rendered":"<p>En esta jornada, participo el director de Canaco Colima, Ivan Ramos. Colina, Col., 16 de julio de 2025.- En el marco del Macroprograma Colima Emprende, el Ayuntamiento de Colima que preside el alcalde Riult Rivera Guti\u00e9rrez, a trav\u00e9s de la Direcci\u00f3n de Fomento Econ\u00f3mico y Mejora Regulatoria, llev\u00f3 a cabo la novena capacitaci\u00f3n gratuita titulada&#8230;<\/p>\n","protected":false},"author":2,"featured_media":32802,"comment_status":"closed","ping_status":"open","sticky":false,"template":"","format":"standard","meta":{"footnotes":""},"categories":[8,36],"tags":[29,30,28],"class_list":["post-32801","post","type-post","status-publish","format-standard","has-post-thumbnail","hentry","category-municipios","category-colima","tag-grid","tag-news","tag-slider"],"_links":{"self":[{"href":"http:\/\/elobservatorio.com.mx\/index.php?rest_route=\/wp\/v2\/posts\/32801"}],"collection":[{"href":"http:\/\/elobservatorio.com.mx\/index.php?rest_route=\/wp\/v2\/posts"}],"about":[{"href":"http:\/\/elobservatorio.com.mx\/index.php?rest_route=\/wp\/v2\/types\/post"}],"author":[{"embeddable":true,"href":"http:\/\/elobservatorio.com.mx\/index.php?rest_route=\/wp\/v2\/users\/2"}],"replies":[{"embeddable":true,"href":"http:\/\/elobservatorio.com.mx\/index.php?rest_route=%2Fwp%2Fv2%2Fcomments&post=32801"}],"version-history":[{"count":1,"href":"http:\/\/elobservatorio.com.mx\/index.php?rest_route=\/wp\/v2\/posts\/32801\/revisions"}],"predecessor-version":[{"id":32803,"href":"http:\/\/elobservatorio.com.mx\/index.php?rest_route=\/wp\/v2\/posts\/32801\/revisions\/32803"}],"wp:featuredmedia":[{"embeddable":true,"href":"http:\/\/elobservatorio.com.mx\/index.php?rest_route=\/wp\/v2\/media\/32802"}],"wp:attachment":[{"href":"http:\/\/elobservatorio.com.mx\/index.php?rest_route=%2Fwp%2Fv2%2Fmedia&parent=32801"}],"wp:term":[{"taxonomy":"category","embeddable":true,"href":"http:\/\/elobservatorio.com.mx\/index.php?rest_route=%2Fwp%2Fv2%2Fcategories&post=32801"},{"taxonomy":"post_tag","embeddable":true,"href":"http:\/\/elobservatorio.com.mx\/index.php?rest_route=%2Fwp%2Fv2%2Ftags&post=32801"}],"curies":[{"name":"wp","href":"https:\/\/api.w.org\/{rel}","templated":true}]}}