{"id":32804,"date":"2025-07-16T23:19:10","date_gmt":"2025-07-17T05:19:10","guid":{"rendered":"http:\/\/elobservatorio.com.mx\/?p=32804"},"modified":"2025-07-16T23:19:10","modified_gmt":"2025-07-17T05:19:10","slug":"lxi-legislatura-de-colima-toma-protesta-a-nuevas-magistradas-del-tja","status":"publish","type":"post","link":"http:\/\/elobservatorio.com.mx\/?p=32804","title":{"rendered":"LXI Legislatura de Colima toma protesta a nuevas Magistradas del TJA"},"content":{"rendered":"<p>En sesi\u00f3n solemne, el pleno del Congreso del Estado de Colima, tom\u00f3 la protesta a Norma Araceli Carrillo Ascencio y M\u00f3nica Liliana Campos Maga\u00f1a, como Magistradas del Tribunal de Justicia Administrativa del Estado de Colima (TJA).<\/p>\n<p>Las dos nuevas Magistradas permanecer\u00e1n el cargo por seis a\u00f1os, contados a partir de la fecha en que rindieron protesta de Ley ante la LXI Legislatura. Y con ellas, el pleno del TJA quedar\u00e1 integrado completamente con sus cinco magistraturas.<\/p>\n<p>Durante la discusi\u00f3n del dictamen para los nombramientos de las dos Magistradas, representantes de los diversos grupos parlamentarios que integran la LXI Legislatura local, manifestaron que otorgar\u00edan el voto de confianza a favor de las propuestas, ya que cumpl\u00edan con el perfil tanto en formaci\u00f3n acad\u00e9mica y experiencia pr\u00e1ctica, asimismo les solicitaron llevar un trabajo imparcial y apegado a derecho.<\/p>\n<p>Tras la toma de protesta, el presidente de la Mesa Directiva del Legislativo, Jaime Sotelo Garc\u00eda, conmin\u00f3 a las nuevas Magistradas a realizar su labor con estricto apego a la ley, pues tendr\u00e1n la responsabilidad de hacer valer la justicia con la garant\u00eda de defender los derechos de las personas.<\/p>\n<p>Por su parte, Consuelo del Carmen Landeros Castellanos, titular de la Consejer\u00eda Jur\u00eddica Estatal, en representaci\u00f3n de la Gobernadora Indira Vizca\u00edno Silva, destac\u00f3 que la nueva integraci\u00f3n del TJA, ahora ser\u00e1 de tres mujeres y dos hombres, ello como una muestra de la igualdad y equidad que se vive actualmente. Tambi\u00e9n, dijo estar segura de que se desempe\u00f1ar\u00e1n con profunda convicci\u00f3n, amor por la justicia y total responsabilidad.<\/p>\n","protected":false},"excerpt":{"rendered":"<p>En sesi\u00f3n solemne, el pleno del Congreso del Estado de Colima, tom\u00f3 la protesta a Norma Araceli Carrillo Ascencio y M\u00f3nica Liliana Campos Maga\u00f1a, como Magistradas del Tribunal de Justicia Administrativa del Estado de Colima (TJA). Las dos nuevas Magistradas permanecer\u00e1n el cargo por seis a\u00f1os, contados a partir de la fecha en que rindieron&#8230;<\/p>\n","protected":false},"author":2,"featured_media":32805,"comment_status":"closed","ping_status":"open","sticky":false,"template":"","format":"standard","meta":{"footnotes":""},"categories":[1],"tags":[29,30,28],"class_list":["post-32804","post","type-post","status-publish","format-standard","has-post-thumbnail","hentry","category-espacio-legislativo","tag-grid","tag-news","tag-slider"],"_links":{"self":[{"href":"http:\/\/elobservatorio.com.mx\/index.php?rest_route=\/wp\/v2\/posts\/32804"}],"collection":[{"href":"http:\/\/elobservatorio.com.mx\/index.php?rest_route=\/wp\/v2\/posts"}],"about":[{"href":"http:\/\/elobservatorio.com.mx\/index.php?rest_route=\/wp\/v2\/types\/post"}],"author":[{"embeddable":true,"href":"http:\/\/elobservatorio.com.mx\/index.php?rest_route=\/wp\/v2\/users\/2"}],"replies":[{"embeddable":true,"href":"http:\/\/elobservatorio.com.mx\/index.php?rest_route=%2Fwp%2Fv2%2Fcomments&post=32804"}],"version-history":[{"count":1,"href":"http:\/\/elobservatorio.com.mx\/index.php?rest_route=\/wp\/v2\/posts\/32804\/revisions"}],"predecessor-version":[{"id":32806,"href":"http:\/\/elobservatorio.com.mx\/index.php?rest_route=\/wp\/v2\/posts\/32804\/revisions\/32806"}],"wp:featuredmedia":[{"embeddable":true,"href":"http:\/\/elobservatorio.com.mx\/index.php?rest_route=\/wp\/v2\/media\/32805"}],"wp:attachment":[{"href":"http:\/\/elobservatorio.com.mx\/index.php?rest_route=%2Fwp%2Fv2%2Fmedia&parent=32804"}],"wp:term":[{"taxonomy":"category","embeddable":true,"href":"http:\/\/elobservatorio.com.mx\/index.php?rest_route=%2Fwp%2Fv2%2Fcategories&post=32804"},{"taxonomy":"post_tag","embeddable":true,"href":"http:\/\/elobservatorio.com.mx\/index.php?rest_route=%2Fwp%2Fv2%2Ftags&post=32804"}],"curies":[{"name":"wp","href":"https:\/\/api.w.org\/{rel}","templated":true}]}}