{"id":32809,"date":"2025-07-29T10:34:34","date_gmt":"2025-07-29T16:34:34","guid":{"rendered":"http:\/\/elobservatorio.com.mx\/?p=32809"},"modified":"2025-07-29T10:34:34","modified_gmt":"2025-07-29T16:34:34","slug":"camellones-y-areas-verdes-limpias-y-ordenadas-para-toda-la-ciudadania-riult-rivera","status":"publish","type":"post","link":"http:\/\/elobservatorio.com.mx\/?p=32809","title":{"rendered":"Camellones y \u00e1reas verdes limpias y ordenadas para toda la ciudadan\u00eda: Riult\u202fRivera"},"content":{"rendered":"<ul>\n<li><em>La Direcci\u00f3n General de Servicios P\u00fablicos, bajo la visi\u00f3n del presidente municipal, realiz\u00f3 mantenimiento integral y limpieza profunda del camell\u00f3n de la Avenida de la Paz, reafirmando el compromiso de mantener las principales vialidades de Colima siempre limpias y seguras.<\/em><\/li>\n<\/ul>\n<p>Colima, Col., 28 de julio de 2025.- En cumplimiento de las acciones permanentes impulsadas por el presidente municipal Riult\u202fRivera Guti\u00e9rrez, la cuadrilla de Parques y Jardines de la Direcci\u00f3n General de Servicios P\u00fablicos llev\u00f3 a cabo hoy el mantenimiento y la limpieza de los camellones en la Avenida de la Paz.<\/p>\n<p>Con el prop\u00f3sito de ofrecer a peatones y automovilistas entornos limpios y atractivos, el personal municipal realiz\u00f3 poda de arbustos, retiro de maleza, acondicionado de jardineras y recolecci\u00f3n de desechos en las glorietas centrales. Estas labores refuerzan el compromiso del Ayuntamiento de dignificar los espacios p\u00fablicos y fortalecer el orgullo c\u00edvico de la ciudadan\u00eda.<\/p>\n<p>Esta intervenci\u00f3n en la Avenida de la Paz se suma a las labores continuas que se ejecutan en vialidades como la Ignacio Sandoval, la Avenida Constituci\u00f3n y los bulevares principales, garantizando que Colima luzca siempre limpio, seguro y acogedor para residentes y visitantes.<\/p>\n<p>El Ayuntamiento reitera su compromiso de trabajar d\u00eda a d\u00eda para mantener los espacios p\u00fablicos en \u00f3ptimas condiciones e invita a la ciudadan\u00eda a reportar ramas u otras \u00e1reas que requieran mantenimiento.<\/p>\n","protected":false},"excerpt":{"rendered":"<p>La Direcci\u00f3n General de Servicios P\u00fablicos, bajo la visi\u00f3n del presidente municipal, realiz\u00f3 mantenimiento integral y limpieza profunda del camell\u00f3n de la Avenida de la Paz, reafirmando el compromiso de mantener las principales vialidades de Colima siempre limpias y seguras. Colima, Col., 28 de julio de 2025.- En cumplimiento de las acciones permanentes impulsadas por&#8230;<\/p>\n","protected":false},"author":2,"featured_media":32810,"comment_status":"closed","ping_status":"open","sticky":false,"template":"","format":"standard","meta":{"footnotes":""},"categories":[8,36],"tags":[29,30,28],"class_list":["post-32809","post","type-post","status-publish","format-standard","has-post-thumbnail","hentry","category-municipios","category-colima","tag-grid","tag-news","tag-slider"],"_links":{"self":[{"href":"http:\/\/elobservatorio.com.mx\/index.php?rest_route=\/wp\/v2\/posts\/32809"}],"collection":[{"href":"http:\/\/elobservatorio.com.mx\/index.php?rest_route=\/wp\/v2\/posts"}],"about":[{"href":"http:\/\/elobservatorio.com.mx\/index.php?rest_route=\/wp\/v2\/types\/post"}],"author":[{"embeddable":true,"href":"http:\/\/elobservatorio.com.mx\/index.php?rest_route=\/wp\/v2\/users\/2"}],"replies":[{"embeddable":true,"href":"http:\/\/elobservatorio.com.mx\/index.php?rest_route=%2Fwp%2Fv2%2Fcomments&post=32809"}],"version-history":[{"count":1,"href":"http:\/\/elobservatorio.com.mx\/index.php?rest_route=\/wp\/v2\/posts\/32809\/revisions"}],"predecessor-version":[{"id":32811,"href":"http:\/\/elobservatorio.com.mx\/index.php?rest_route=\/wp\/v2\/posts\/32809\/revisions\/32811"}],"wp:featuredmedia":[{"embeddable":true,"href":"http:\/\/elobservatorio.com.mx\/index.php?rest_route=\/wp\/v2\/media\/32810"}],"wp:attachment":[{"href":"http:\/\/elobservatorio.com.mx\/index.php?rest_route=%2Fwp%2Fv2%2Fmedia&parent=32809"}],"wp:term":[{"taxonomy":"category","embeddable":true,"href":"http:\/\/elobservatorio.com.mx\/index.php?rest_route=%2Fwp%2Fv2%2Fcategories&post=32809"},{"taxonomy":"post_tag","embeddable":true,"href":"http:\/\/elobservatorio.com.mx\/index.php?rest_route=%2Fwp%2Fv2%2Ftags&post=32809"}],"curies":[{"name":"wp","href":"https:\/\/api.w.org\/{rel}","templated":true}]}}