{"id":32815,"date":"2025-07-29T11:06:45","date_gmt":"2025-07-29T17:06:45","guid":{"rendered":"http:\/\/elobservatorio.com.mx\/?p=32815"},"modified":"2025-07-29T11:06:45","modified_gmt":"2025-07-29T17:06:45","slug":"promueven-tenencia-responsable-en-el-cuidado-de-animales-de-compania","status":"publish","type":"post","link":"http:\/\/elobservatorio.com.mx\/?p=32815","title":{"rendered":"Promueven tenencia responsable en el cuidado de animales de compa\u00f1\u00eda"},"content":{"rendered":"<p><em>*\u201cComo tutores de un animal, sin importar su especie, asumimos un compromiso con su vida. Para cumplirlo, necesitamos conocimiento: saber identificar un problema, entender qu\u00e9 puede hacerse al respecto y actuar con responsabilidad\u201d: Dr. C\u00e9sar Garc\u00eda.<\/em><\/p>\n<p>El m\u00e9dico veterinario y director de la Facultad de Medicina Veterinaria y Zootecnia de la Universidad de Colima, Dr. C\u00e9sar Garc\u00eda Casillas, se\u00f1al\u00f3 que convivir con animales de compa\u00f1\u00eda -ya sean gatos, perros, aves, cerdos o chivos- conlleva una responsabilidad \u00e9tica: atender no s\u00f3lo las necesidades del propio animal, sino tambi\u00e9n las de sus tutores y del entorno social en el que viven.<\/p>\n<p>A esto le llam\u00f3 <strong>tenencia responsable<\/strong> durante la charla: \u201cLa importancia del cuidado, protecci\u00f3n y conocimiento de mascotas\u201d, que imparti\u00f3 durante la primera Feria Mundo de Mascotas realizada hace unos d\u00edas en el jard\u00edn N\u00fa\u00f1ez de la ciudad capital.<\/p>\n<p>Este evento, que dur\u00f3 tres d\u00edas, fue un esfuerzo entre autoridades municipales, la academia y empresas para transmitir conocimiento, capacitaci\u00f3n y educaci\u00f3n entre las y los responsables de mascotas, empresarios y conocedores del sector.<\/p>\n<p>Al participar en representaci\u00f3n de la Universidad de Colima, el m\u00e9dico veterinario destac\u00f3 la importancia de sensibilizar a tutores y tutoras de animales de compa\u00f1\u00eda sobre el <strong>car\u00e1cter bidireccional<\/strong> de la relaci\u00f3n entre humanos y animales, la cual debe garantizar un beneficio mutuo. \u201cComo tutores de un animal, sin importar su especie, asumimos un compromiso con su vida. Para cumplirlo, necesitamos conocimiento: saber identificar un problema, entender qu\u00e9 puede hacerse al respecto y actuar con responsabilidad\u201d, enfatiz\u00f3.<\/p>\n<p>Por ello, continu\u00f3, \u201cdesde la Universidad de Colima nos sumamos a estos esfuerzos de divulgaci\u00f3n y extensionismo, para llevar la informaci\u00f3n pertinente y oportuna a nuestra sociedad\u201d.<\/p>\n<p>Asimismo, dijo que deben realizarse acciones en pro del ejercicio de la ciudadan\u00eda, tales como activar el cumplimiento normativo y lograr el bienestar animal, la nutrici\u00f3n y el ejercicio adecuado, la eliminaci\u00f3n correcta de desechos en el hogar y en lugares p\u00fablicos y la esterilizaci\u00f3n, as\u00ed como cuidado de la sanidad y salud del animal y p\u00fablica.<\/p>\n<p>Los animales de compa\u00f1\u00eda ocupan un lugar cada vez m\u00e1s importante en las familias colimenses, ya sea por la funci\u00f3n que desempe\u00f1an -como guardianes, animales de trabajo en el campo, participantes en exhibiciones o proveedores de compa\u00f1\u00eda- o por el v\u00ednculo afectivo que establecen con las personas.<\/p>\n<p>El Dr. Garc\u00eda Casillas coment\u00f3 que estos animales son adquiridos o adoptados por familias que buscan un nuevo integrante, personas que viven solas, parejas j\u00f3venes que se preparan para la crianza de un hijo, adultos mayores que enfrentan el nido vac\u00edo, o simplemente por quienes desean brindar una mejor vida a un animal y compartir su d\u00eda a d\u00eda con \u00e9l.<\/p>\n<p>Adem\u00e1s de la conferencia, estudiantes y profesores de la Facultad de Medicina Veterinaria y Zootecnia de la UdeC participaron con una mesa informativa para hablar de las opciones educativas del \u00e1rea.<\/p>\n<p>&nbsp;<\/p>\n<p>&nbsp;<\/p>\n","protected":false},"excerpt":{"rendered":"<p>*\u201cComo tutores de un animal, sin importar su especie, asumimos un compromiso con su vida. Para cumplirlo, necesitamos conocimiento: saber identificar un problema, entender qu\u00e9 puede hacerse al respecto y actuar con responsabilidad\u201d: Dr. C\u00e9sar Garc\u00eda. El m\u00e9dico veterinario y director de la Facultad de Medicina Veterinaria y Zootecnia de la Universidad de Colima, Dr&#8230;.<\/p>\n","protected":false},"author":2,"featured_media":32816,"comment_status":"closed","ping_status":"open","sticky":false,"template":"","format":"standard","meta":{"footnotes":""},"categories":[14],"tags":[29,30,28],"class_list":["post-32815","post","type-post","status-publish","format-standard","has-post-thumbnail","hentry","category-educacion-y-cultura","tag-grid","tag-news","tag-slider"],"_links":{"self":[{"href":"http:\/\/elobservatorio.com.mx\/index.php?rest_route=\/wp\/v2\/posts\/32815"}],"collection":[{"href":"http:\/\/elobservatorio.com.mx\/index.php?rest_route=\/wp\/v2\/posts"}],"about":[{"href":"http:\/\/elobservatorio.com.mx\/index.php?rest_route=\/wp\/v2\/types\/post"}],"author":[{"embeddable":true,"href":"http:\/\/elobservatorio.com.mx\/index.php?rest_route=\/wp\/v2\/users\/2"}],"replies":[{"embeddable":true,"href":"http:\/\/elobservatorio.com.mx\/index.php?rest_route=%2Fwp%2Fv2%2Fcomments&post=32815"}],"version-history":[{"count":1,"href":"http:\/\/elobservatorio.com.mx\/index.php?rest_route=\/wp\/v2\/posts\/32815\/revisions"}],"predecessor-version":[{"id":32817,"href":"http:\/\/elobservatorio.com.mx\/index.php?rest_route=\/wp\/v2\/posts\/32815\/revisions\/32817"}],"wp:featuredmedia":[{"embeddable":true,"href":"http:\/\/elobservatorio.com.mx\/index.php?rest_route=\/wp\/v2\/media\/32816"}],"wp:attachment":[{"href":"http:\/\/elobservatorio.com.mx\/index.php?rest_route=%2Fwp%2Fv2%2Fmedia&parent=32815"}],"wp:term":[{"taxonomy":"category","embeddable":true,"href":"http:\/\/elobservatorio.com.mx\/index.php?rest_route=%2Fwp%2Fv2%2Fcategories&post=32815"},{"taxonomy":"post_tag","embeddable":true,"href":"http:\/\/elobservatorio.com.mx\/index.php?rest_route=%2Fwp%2Fv2%2Ftags&post=32815"}],"curies":[{"name":"wp","href":"https:\/\/api.w.org\/{rel}","templated":true}]}}