{"id":32824,"date":"2025-07-30T00:27:27","date_gmt":"2025-07-30T06:27:27","guid":{"rendered":"http:\/\/elobservatorio.com.mx\/?p=32824"},"modified":"2025-07-30T00:27:27","modified_gmt":"2025-07-30T06:27:27","slug":"redobla-esfuerzos-vdea-en-combate-y-prevencion-de-la-trata-tey","status":"publish","type":"post","link":"http:\/\/elobservatorio.com.mx\/?p=32824","title":{"rendered":"Redobla esfuerzos VdeA en combate y prevenci\u00f3n de la trata: Tey"},"content":{"rendered":"<p><em>\u200e*Inaugura Alcaldesa muestra fotogr\u00e1fica en Complejo de Seguridad P\u00fablica<\/em><br \/>\n\u200e<br \/>\n\u200eVilla de \u00c1lvarez, Col.- En la inauguraci\u00f3n de la exposici\u00f3n fotogr\u00e1fica \u201cEn la Villa todos juntos contra la trata de personas\u201d, la Presidenta Tey Guti\u00e9rrez Andrade mencion\u00f3 que en Villa de \u00c1lvarez se han redoblado esfuerzos en la prevenci\u00f3n, combate y detecci\u00f3n de ese flagelo.<br \/>\n\u200e<br \/>\n\u200eEn las instalaciones del Complejo de Seguridad P\u00fablica de Villa de \u00c1lvarez, la Alcaldesa asegur\u00f3 que su gobierno trabaja para inhibir ese delito que afecta a ni\u00f1as, ni\u00f1os, adolescentes y adultos en condici\u00f3n de vulnerabilidad, los cuales necesitan ser protegidos y se garantice la salvaguarda de sus derechos humanos.<br \/>\n\u200e<br \/>\n\u200eExpres\u00f3 que en el marco del D\u00eda Internacional contra la Trata de Personas, la administraci\u00f3n municipal que ella encabeza refrenda su compromiso con la Campa\u00f1a Coraz\u00f3n Azul, bajo el auspicio de la Organizaci\u00f3n de las Naciones Unidas, por ello Guti\u00e9rrez Andrade y parte de su equipo de trabajo se tomaron una foto grupal formando un coraz\u00f3n dentro de un enorme list\u00f3n azul.<br \/>\n\u200e<br \/>\n\u200eExpuso que ante la diversificaci\u00f3n de mecanismos empleados por grupos que se dedican a la trata, esa actividad representa un desaf\u00edo, \u201cpor lo que debemos actuar todas y todos desde nuestro \u00e1mbito de responsabilidad. Requerimos de un enfoque coordinado y una respuesta que involucre a todos nuestros sectores sociales\u201d.<br \/>\n\u200e<br \/>\n\u200eGil Manuel Larios Guti\u00e9rrez, encargado de la representaci\u00f3n en Colima del Instituto Nacional de Migraci\u00f3n, se\u00f1al\u00f3 que lo funcionarios p\u00fablicos est\u00e1n obligados a garantizar los derechos humanos de todas las personas, por ello es importante hablar del delito de la trata de personas y ayudar a su prevenci\u00f3n, principalmente porque quienes m\u00e1s vulnerables resultan a ser v\u00edctimas de ese il\u00edcito son las personas menores de edad, principalmente las ni\u00f1as.<br \/>\n\u200e<br \/>\n\u200eInocencio Guzm\u00e1n de la Pe\u00f1a, Director General de Seguridad P\u00fablica, Tr\u00e1nsito y Vialidad y Protecci\u00f3n Civil, explic\u00f3 que la trata de personas es un delito grave, que viola los derechos humanos, el cual consiste en la captaci\u00f3n, el transporte, el traslado o recepci\u00f3n de personas con fines de explotaci\u00f3n, por lo que \u201ctodos podemos impulsar pol\u00edticas p\u00fablicas y coordinar esfuerzos para garantizar que se proteja y atienda a las v\u00edctimas, con toda la sensibilidad y justicia que se merecen\u201d.<br \/>\n\u200e<br \/>\n\u200eMartha Yadira Mart\u00ednez, Directora del DIF Municipal Villa de \u00c1lvarez, se\u00f1al\u00f3 que la administraci\u00f3n municipal que encabeza Tey Guti\u00e9rrez, busca generar conciencia de la situaci\u00f3n de las v\u00edctimas del tr\u00e1fico humano, por ello se promocionan y protegen los derechos, esto a trav\u00e9s de acciones simb\u00f3licas como la muestra fotogr\u00e1fica \u201cEn la Villa todos juntos contra la trata de personas\u201d.<br \/>\n\u200e<br \/>\n\u200eA la inauguraci\u00f3n de la muestra fotogr\u00e1fica asistieron los regidores Teresa Ram\u00edrez y Kevin V\u00e1zquez; el Presidente del DIF Municipal, Carlos Alejandro Ruvalcaba, y la Secretaria del Ayuntamiento, Lizet Rodr\u00edguez, adem\u00e1s de funcionarios y funcionarias municipales.<\/p>\n","protected":false},"excerpt":{"rendered":"<p>\u200e*Inaugura Alcaldesa muestra fotogr\u00e1fica en Complejo de Seguridad P\u00fablica \u200e \u200eVilla de \u00c1lvarez, Col.- En la inauguraci\u00f3n de la exposici\u00f3n fotogr\u00e1fica \u201cEn la Villa todos juntos contra la trata de personas\u201d, la Presidenta Tey Guti\u00e9rrez Andrade mencion\u00f3 que en Villa de \u00c1lvarez se han redoblado esfuerzos en la prevenci\u00f3n, combate y detecci\u00f3n de ese flagelo&#8230;.<\/p>\n","protected":false},"author":2,"featured_media":32825,"comment_status":"closed","ping_status":"open","sticky":false,"template":"","format":"standard","meta":{"footnotes":""},"categories":[8,42],"tags":[29,30,28],"class_list":["post-32824","post","type-post","status-publish","format-standard","has-post-thumbnail","hentry","category-municipios","category-villa-de-alvarez","tag-grid","tag-news","tag-slider"],"_links":{"self":[{"href":"http:\/\/elobservatorio.com.mx\/index.php?rest_route=\/wp\/v2\/posts\/32824"}],"collection":[{"href":"http:\/\/elobservatorio.com.mx\/index.php?rest_route=\/wp\/v2\/posts"}],"about":[{"href":"http:\/\/elobservatorio.com.mx\/index.php?rest_route=\/wp\/v2\/types\/post"}],"author":[{"embeddable":true,"href":"http:\/\/elobservatorio.com.mx\/index.php?rest_route=\/wp\/v2\/users\/2"}],"replies":[{"embeddable":true,"href":"http:\/\/elobservatorio.com.mx\/index.php?rest_route=%2Fwp%2Fv2%2Fcomments&post=32824"}],"version-history":[{"count":1,"href":"http:\/\/elobservatorio.com.mx\/index.php?rest_route=\/wp\/v2\/posts\/32824\/revisions"}],"predecessor-version":[{"id":32826,"href":"http:\/\/elobservatorio.com.mx\/index.php?rest_route=\/wp\/v2\/posts\/32824\/revisions\/32826"}],"wp:featuredmedia":[{"embeddable":true,"href":"http:\/\/elobservatorio.com.mx\/index.php?rest_route=\/wp\/v2\/media\/32825"}],"wp:attachment":[{"href":"http:\/\/elobservatorio.com.mx\/index.php?rest_route=%2Fwp%2Fv2%2Fmedia&parent=32824"}],"wp:term":[{"taxonomy":"category","embeddable":true,"href":"http:\/\/elobservatorio.com.mx\/index.php?rest_route=%2Fwp%2Fv2%2Fcategories&post=32824"},{"taxonomy":"post_tag","embeddable":true,"href":"http:\/\/elobservatorio.com.mx\/index.php?rest_route=%2Fwp%2Fv2%2Ftags&post=32824"}],"curies":[{"name":"wp","href":"https:\/\/api.w.org\/{rel}","templated":true}]}}