{"id":32827,"date":"2025-07-30T01:27:32","date_gmt":"2025-07-30T07:27:32","guid":{"rendered":"http:\/\/elobservatorio.com.mx\/?p=32827"},"modified":"2025-07-30T01:27:32","modified_gmt":"2025-07-30T07:27:32","slug":"tras-cuatro-meses-desaparecido-localizan-sin-vida-a-enrique-monroy-exalcalde-de-vdea","status":"publish","type":"post","link":"http:\/\/elobservatorio.com.mx\/?p=32827","title":{"rendered":"Tras cuatro meses desaparecido, localizan sin vida a Enrique Monroy, exalcalde de VdeA"},"content":{"rendered":"<ul>\n<li>Fue localizado en una fosa clandestina en el municipio de Comala<\/li>\n<\/ul>\n<p>La tarde de este martes mediante an ficha emitida por la Fiscal\u00eda del Estado, se dio a conocer que hab\u00eda sido localizado Enrique Monroy S\u00e1nchez, quien estaba desaparecido desde el 24 de abril del presente a\u00f1o.<\/p>\n<p>De manera extraoficial trascendi\u00f3 que su cuerpo fue localizado dentro de una fosa clandestina en el municipio de Comala.<\/p>\n<p>Enrique Monroy S\u00e1nchez asumi\u00f3 la presidencia municipal en diciembre de 2011 como interino de Brenda Guti\u00e9rrez Vega, quien dej\u00f3 el cargo para contender como candidata al Senado de la Rep\u00fablica por el Partido Acci\u00f3n Nacional (PAN). El pol\u00edtico concluy\u00f3 la administraci\u00f3n en octubre de 2012.<\/p>\n<p>Se espera que en las pr\u00f3ximas horas sus familiares den un pronunciamiento sobre el hecho y la Fiscal\u00eda informe sobre l\u00edneas de investigaci\u00f3n<\/p>\n","protected":false},"excerpt":{"rendered":"<p>Fue localizado en una fosa clandestina en el municipio de Comala La tarde de este martes mediante an ficha emitida por la Fiscal\u00eda del Estado, se dio a conocer que hab\u00eda sido localizado Enrique Monroy S\u00e1nchez, quien estaba desaparecido desde el 24 de abril del presente a\u00f1o. De manera extraoficial trascendi\u00f3 que su cuerpo fue&#8230;<\/p>\n","protected":false},"author":2,"featured_media":32828,"comment_status":"closed","ping_status":"open","sticky":false,"template":"","format":"standard","meta":{"footnotes":""},"categories":[15],"tags":[29,30,28],"class_list":["post-32827","post","type-post","status-publish","format-standard","has-post-thumbnail","hentry","category-seguridad-y-justicia","tag-grid","tag-news","tag-slider"],"_links":{"self":[{"href":"http:\/\/elobservatorio.com.mx\/index.php?rest_route=\/wp\/v2\/posts\/32827"}],"collection":[{"href":"http:\/\/elobservatorio.com.mx\/index.php?rest_route=\/wp\/v2\/posts"}],"about":[{"href":"http:\/\/elobservatorio.com.mx\/index.php?rest_route=\/wp\/v2\/types\/post"}],"author":[{"embeddable":true,"href":"http:\/\/elobservatorio.com.mx\/index.php?rest_route=\/wp\/v2\/users\/2"}],"replies":[{"embeddable":true,"href":"http:\/\/elobservatorio.com.mx\/index.php?rest_route=%2Fwp%2Fv2%2Fcomments&post=32827"}],"version-history":[{"count":1,"href":"http:\/\/elobservatorio.com.mx\/index.php?rest_route=\/wp\/v2\/posts\/32827\/revisions"}],"predecessor-version":[{"id":32829,"href":"http:\/\/elobservatorio.com.mx\/index.php?rest_route=\/wp\/v2\/posts\/32827\/revisions\/32829"}],"wp:featuredmedia":[{"embeddable":true,"href":"http:\/\/elobservatorio.com.mx\/index.php?rest_route=\/wp\/v2\/media\/32828"}],"wp:attachment":[{"href":"http:\/\/elobservatorio.com.mx\/index.php?rest_route=%2Fwp%2Fv2%2Fmedia&parent=32827"}],"wp:term":[{"taxonomy":"category","embeddable":true,"href":"http:\/\/elobservatorio.com.mx\/index.php?rest_route=%2Fwp%2Fv2%2Fcategories&post=32827"},{"taxonomy":"post_tag","embeddable":true,"href":"http:\/\/elobservatorio.com.mx\/index.php?rest_route=%2Fwp%2Fv2%2Ftags&post=32827"}],"curies":[{"name":"wp","href":"https:\/\/api.w.org\/{rel}","templated":true}]}}