{"id":32830,"date":"2025-07-30T01:50:57","date_gmt":"2025-07-30T07:50:57","guid":{"rendered":"http:\/\/elobservatorio.com.mx\/?p=32830"},"modified":"2025-07-30T01:50:57","modified_gmt":"2025-07-30T07:50:57","slug":"loromania-2025-un-verano-de-aventura-diversion-y-aprendizaje","status":"publish","type":"post","link":"http:\/\/elobservatorio.com.mx\/?p=32830","title":{"rendered":"Loroman\u00eda 2025: Un verano de aventura, diversi\u00f3n y aprendizaje"},"content":{"rendered":"<p><em>*\u201cLos ni\u00f1os no solamente corren, no solamente hacen deporte o entran a la alberca, sino que tambi\u00e9n aprenden\u201d: Blanca Liliana D\u00edaz V\u00e1zquez, presidenta del Voluntariado.<\/em><\/p>\n<p><strong>\u00a0<\/strong>Este martes, en instalaciones de la Unidad Deportiva Universitaria, Blanca Liliana D\u00edaz V\u00e1zquez, presidenta del Voluntariado de la Universidad de Colima, inaugur\u00f3 las actividades del curso de verano <strong>Loroman\u00eda 2025<\/strong>. Del 29 de julio al 8 de agosto, m\u00e1s de 500 ni\u00f1as y ni\u00f1os disfrutar\u00e1n de actividades deportivas, recreativas, art\u00edsticas y culturales, as\u00ed como de talleres especiales de astronom\u00eda y f\u00f3siles.<\/p>\n<p>En esta edici\u00f3n, adem\u00e1s de atender a ni\u00f1as y ni\u00f1os de toda la entidad, Loroman\u00eda suma esfuerzos con el Centro de Desarrollo Comunitario (Cedeco), ubicado en la colonia Mirador de la Cumbre II, integrando a 100 menores de ese lugar a su programa.<\/p>\n<p>El curso de verano tambi\u00e9n funciona como un laboratorio de pr\u00e1cticas para estudiantes universitarios de diversas disciplinas, quienes aplican sus conocimientos al tiempo que contribuyen al bienestar de la ni\u00f1ez colimense.<\/p>\n<p>En entrevista, la presidenta del Voluntariado agradeci\u00f3 a los 520 ni\u00f1as y ni\u00f1os inscritos al curso de verano por la confianza en la Universidad de Colima. \u201cContamos con instalaciones recreativas y deportivas muy seguras, adem\u00e1s de un staff de m\u00e1s de 160 personas que estar\u00e1n al cuidado de las y los ni\u00f1os durante los d\u00edas que durar\u00e1 el curso\u201d.<\/p>\n<p>En ese sentido, agradeci\u00f3 a quienes conforman el staff: a los estudiantes voluntarios que fungen como monitores, a promotores deportivos, as\u00ed como al personal de la oficina del Voluntariado, de Protecci\u00f3n Civil Universitaria, y personal administrativo y de servicios de la Direcci\u00f3n General de Cultura y Deporte.<\/p>\n<p>\u201cDurante estos nueve d\u00edas estaremos atentos al bienestar de los 520 ni\u00f1os y ni\u00f1as que participan, con el objetivo de garantizarles un curso de verano divertido, atractivo y lleno de aprendizaje. Una de nuestras principales misiones es ofrecerles bienestar integral, as\u00ed como un espacio sano, seguro y propicio para su desarrollo en todos los \u00e1mbitos\u201d.<\/p>\n<p>En cuanto a las actividades, Blanca Liliana destac\u00f3 que, por primera vez, se incluyeron los Martes de Ciencia, con dos talleres especiales cada semana. \u201cAcabamos de realizar dos talleres: uno de astronom\u00eda, con el Dr. Santiago Arceo, donde las y los ni\u00f1os disfrutaron de una charla muy amena e interesante sobre los planetas, sus caracter\u00edsticas y el Sistema Solar\u201d.<\/p>\n<p>\u201cEl otro taller -agreg\u00f3- es sobre f\u00f3siles, y contamos con la participaci\u00f3n del director del Museo Regional de Historia de Colima, Fernando Rodr\u00edguez, quien ofreci\u00f3 una pl\u00e1tica muy enriquecedora sobre el tema\u201d.<\/p>\n<p>\u201cLos ni\u00f1os no solamente corren, no solamente hacen deporte o entran a la alberca, sino que tambi\u00e9n aprenden\u201d, concluy\u00f3.<\/p>\n<p>&nbsp;<\/p>\n","protected":false},"excerpt":{"rendered":"<p>*\u201cLos ni\u00f1os no solamente corren, no solamente hacen deporte o entran a la alberca, sino que tambi\u00e9n aprenden\u201d: Blanca Liliana D\u00edaz V\u00e1zquez, presidenta del Voluntariado. \u00a0Este martes, en instalaciones de la Unidad Deportiva Universitaria, Blanca Liliana D\u00edaz V\u00e1zquez, presidenta del Voluntariado de la Universidad de Colima, inaugur\u00f3 las actividades del curso de verano Loroman\u00eda 2025&#8230;.<\/p>\n","protected":false},"author":2,"featured_media":32831,"comment_status":"closed","ping_status":"open","sticky":false,"template":"","format":"standard","meta":{"footnotes":""},"categories":[14],"tags":[29,30,28],"class_list":["post-32830","post","type-post","status-publish","format-standard","has-post-thumbnail","hentry","category-educacion-y-cultura","tag-grid","tag-news","tag-slider"],"_links":{"self":[{"href":"http:\/\/elobservatorio.com.mx\/index.php?rest_route=\/wp\/v2\/posts\/32830"}],"collection":[{"href":"http:\/\/elobservatorio.com.mx\/index.php?rest_route=\/wp\/v2\/posts"}],"about":[{"href":"http:\/\/elobservatorio.com.mx\/index.php?rest_route=\/wp\/v2\/types\/post"}],"author":[{"embeddable":true,"href":"http:\/\/elobservatorio.com.mx\/index.php?rest_route=\/wp\/v2\/users\/2"}],"replies":[{"embeddable":true,"href":"http:\/\/elobservatorio.com.mx\/index.php?rest_route=%2Fwp%2Fv2%2Fcomments&post=32830"}],"version-history":[{"count":1,"href":"http:\/\/elobservatorio.com.mx\/index.php?rest_route=\/wp\/v2\/posts\/32830\/revisions"}],"predecessor-version":[{"id":32832,"href":"http:\/\/elobservatorio.com.mx\/index.php?rest_route=\/wp\/v2\/posts\/32830\/revisions\/32832"}],"wp:featuredmedia":[{"embeddable":true,"href":"http:\/\/elobservatorio.com.mx\/index.php?rest_route=\/wp\/v2\/media\/32831"}],"wp:attachment":[{"href":"http:\/\/elobservatorio.com.mx\/index.php?rest_route=%2Fwp%2Fv2%2Fmedia&parent=32830"}],"wp:term":[{"taxonomy":"category","embeddable":true,"href":"http:\/\/elobservatorio.com.mx\/index.php?rest_route=%2Fwp%2Fv2%2Fcategories&post=32830"},{"taxonomy":"post_tag","embeddable":true,"href":"http:\/\/elobservatorio.com.mx\/index.php?rest_route=%2Fwp%2Fv2%2Ftags&post=32830"}],"curies":[{"name":"wp","href":"https:\/\/api.w.org\/{rel}","templated":true}]}}