{"id":32836,"date":"2025-07-30T02:29:53","date_gmt":"2025-07-30T08:29:53","guid":{"rendered":"http:\/\/elobservatorio.com.mx\/?p=32836"},"modified":"2025-07-30T02:29:53","modified_gmt":"2025-07-30T08:29:53","slug":"premian-a-perla-alejandra-por-fotografia-sobre-la-vida-en-la-costa-colimense","status":"publish","type":"post","link":"http:\/\/elobservatorio.com.mx\/?p=32836","title":{"rendered":"Premian a Perla Alejandra por fotograf\u00eda sobre la vida en la costa colimense"},"content":{"rendered":"<p><em>*La fotoperiodista universitaria representar\u00e1 a Colima con su obra, que ser\u00e1 expuesta en el Senado de la Rep\u00fablica pr\u00f3ximamente.<\/em><\/p>\n<p>Perla Alejandra Regla Maldonado, fotoperiodista de la Universidad de Colima adscrita a la Coordinaci\u00f3n General de Comunicaci\u00f3n Social, fue una de las ganadoras del concurso estatal de fotograf\u00eda \u201cEntre volcanes y palmeras\u201d, convocado por la Confederaci\u00f3n Nacional Campesina (CNC) en Colima, en el marco de su Congreso Estatal Extraordinario.<\/p>\n<p>El tema del concurso fue capturar escenas representativas de la vida, costumbres y entorno rural de Colima.<\/p>\n<p>Su obra \u201cPescador de atardeceres\u201d, dedicada a documentar la pesca con atarraya en las costas de Colima, fue reconocida con el primer lugar en la categor\u00eda de fotograf\u00eda profesional (realizada con c\u00e1mara o dron) y formar\u00e1 parte de una pr\u00f3xima exposici\u00f3n en el Senado de la Rep\u00fablica. Junto a ella, tambi\u00e9n fue premiada Rosa Jaramillo Contreras, ganadora en la categor\u00eda de fotograf\u00eda tomada con dispositivo m\u00f3vil (celular).<\/p>\n<p>\u201cCuando vi la tem\u00e1tica del concurso me motiv\u00e9 a participar, porque creo que gran parte de la identidad de Colima es la vida del mar, y a veces no es tan visible desde la cotidianidad\u201d, coment\u00f3 Perla Alejandra. A\u00f1adi\u00f3 que este reconocimiento tiene un valor especial, ya que representa un proyecto que ha desarrollado durante aproximadamente ocho a\u00f1os: \u201cEstoy documentando el trabajo de los pescadores y de la vida en la costa: los hombres, las mujeres y los ni\u00f1os de agua y sal\u201d.<\/p>\n<p>Explic\u00f3 que su fotograf\u00eda parte de una aproximaci\u00f3n documental con la intenci\u00f3n de mostrar una escena que a\u00fan forma parte del d\u00eda a d\u00eda de muchas familias: \u201cLa pesca con atarraya es un oficio que articula coreograf\u00edas precisas entre el hombre y el oc\u00e9ano, y representa un v\u00ednculo muy evidente con el territorio de Colima, incluso como actividad recreativa\u201d.<\/p>\n<p>Finalmente, hizo un llamado a m\u00e1s mujeres a participar en espacios como \u00e9ste: \u201cDeseo que este tipo de concursos motive a m\u00e1s mujeres a participar, a buscar narrativas que respondan a contar historias, desde lo documental, desde el periodismo, con anclaje a temas de identidad, memoria y territorio\u201d.<\/p>\n<p>El jurado de este certamen estuvo integrado por Juan Pablo S\u00e1nchez Benom Nk, Juan Pablo Cort\u00e9s e Iv\u00e1n Urbina. Durante la ceremonia, la senadora Mely Romero Celis, dirigente estatal de la CNC, agradeci\u00f3 la participaci\u00f3n del jurado y del equipo organizador. Subray\u00f3 que estos concursos no s\u00f3lo fortalecen el sentido de pertenencia e identidad en la organizaci\u00f3n, sino que tambi\u00e9n abren espacios a las nuevas generaciones para expresarse y contribuir en la vida rural del estado y del pa\u00eds.<\/p>\n<p>En el concurso estatal de canto, la joven Reyna Karely V\u00e1zquez C\u00e1rdenas obtuvo el primer lugar y representar\u00e1 a Colima en el certamen nacional. En este caso, el jurado estuvo conformado por el licenciado Francisco Xavier Valdez, el maestro Ignacio Ruiz y la cantante Perla God\u00ednez.<\/p>\n<p>&nbsp;<\/p>\n<p>&nbsp;<\/p>\n","protected":false},"excerpt":{"rendered":"<p>*La fotoperiodista universitaria representar\u00e1 a Colima con su obra, que ser\u00e1 expuesta en el Senado de la Rep\u00fablica pr\u00f3ximamente. Perla Alejandra Regla Maldonado, fotoperiodista de la Universidad de Colima adscrita a la Coordinaci\u00f3n General de Comunicaci\u00f3n Social, fue una de las ganadoras del concurso estatal de fotograf\u00eda \u201cEntre volcanes y palmeras\u201d, convocado por la Confederaci\u00f3n&#8230;<\/p>\n","protected":false},"author":2,"featured_media":32837,"comment_status":"closed","ping_status":"open","sticky":false,"template":"","format":"standard","meta":{"footnotes":""},"categories":[14],"tags":[29,30,28],"class_list":["post-32836","post","type-post","status-publish","format-standard","has-post-thumbnail","hentry","category-educacion-y-cultura","tag-grid","tag-news","tag-slider"],"_links":{"self":[{"href":"http:\/\/elobservatorio.com.mx\/index.php?rest_route=\/wp\/v2\/posts\/32836"}],"collection":[{"href":"http:\/\/elobservatorio.com.mx\/index.php?rest_route=\/wp\/v2\/posts"}],"about":[{"href":"http:\/\/elobservatorio.com.mx\/index.php?rest_route=\/wp\/v2\/types\/post"}],"author":[{"embeddable":true,"href":"http:\/\/elobservatorio.com.mx\/index.php?rest_route=\/wp\/v2\/users\/2"}],"replies":[{"embeddable":true,"href":"http:\/\/elobservatorio.com.mx\/index.php?rest_route=%2Fwp%2Fv2%2Fcomments&post=32836"}],"version-history":[{"count":1,"href":"http:\/\/elobservatorio.com.mx\/index.php?rest_route=\/wp\/v2\/posts\/32836\/revisions"}],"predecessor-version":[{"id":32838,"href":"http:\/\/elobservatorio.com.mx\/index.php?rest_route=\/wp\/v2\/posts\/32836\/revisions\/32838"}],"wp:featuredmedia":[{"embeddable":true,"href":"http:\/\/elobservatorio.com.mx\/index.php?rest_route=\/wp\/v2\/media\/32837"}],"wp:attachment":[{"href":"http:\/\/elobservatorio.com.mx\/index.php?rest_route=%2Fwp%2Fv2%2Fmedia&parent=32836"}],"wp:term":[{"taxonomy":"category","embeddable":true,"href":"http:\/\/elobservatorio.com.mx\/index.php?rest_route=%2Fwp%2Fv2%2Fcategories&post=32836"},{"taxonomy":"post_tag","embeddable":true,"href":"http:\/\/elobservatorio.com.mx\/index.php?rest_route=%2Fwp%2Fv2%2Ftags&post=32836"}],"curies":[{"name":"wp","href":"https:\/\/api.w.org\/{rel}","templated":true}]}}