{"id":32842,"date":"2025-08-04T18:14:54","date_gmt":"2025-08-05T00:14:54","guid":{"rendered":"http:\/\/elobservatorio.com.mx\/?p=32842"},"modified":"2025-08-04T18:14:54","modified_gmt":"2025-08-05T00:14:54","slug":"anuncian-primer-festival-nacional-griselda-alvarez-ponce-de-leon","status":"publish","type":"post","link":"http:\/\/elobservatorio.com.mx\/?p=32842","title":{"rendered":"Anuncian primer Festival Nacional Griselda \u00c1lvarez Ponce de Le\u00f3n"},"content":{"rendered":"<p><em>*\u201cSi nuestra sociedad recibe educaci\u00f3n, cultura y deporte, cr\u00e9anme que en algunos a\u00f1os podremos modificar muchas de las cosas que vemos y no nos gustan\u201d: Christian Torres Ortiz, rector.<\/em><\/p>\n<p>La ma\u00f1ana de este lunes Christian Torres Ortiz Zerme\u00f1o, rector de la Universidad de Colima (UdeC), particip\u00f3 en la presentaci\u00f3n del primer <strong>Festival Nacional Griselda \u00c1lvarez Ponce de Le\u00f3n 2025<\/strong>, que se llevar\u00e1 a cabo del 1 al 03 de octubre, y que tiene como objetivo honrar la vida y obra de la maestra, escritora y primera mujer gobernadora del pa\u00eds: Griselda \u00c1lvarez Ponce de Le\u00f3n.<\/p>\n<p>Dicha presentaci\u00f3n se realiz\u00f3 en el Archivo Hist\u00f3rico del Municipio de Colima. En ella participaron Riult Rivera Guti\u00e9rrez, presidente municipal de Colima; Itzel R\u00edos de la Mora, s\u00edndica municipal y coordinadora del festival, y Pastora Ferr\u00e1ez Lepe, representante del Colectivo Griselda \u00c1lvarez Ponce de Le\u00f3n, quienes adem\u00e1s firmaron el acta de instalaci\u00f3n del comit\u00e9 organizador junto con el rector Christian Torres Ortiz Zerme\u00f1o.<\/p>\n<p>Durante los tres primeros d\u00edas de octubre de este a\u00f1o, adelantaron en rueda de prensa, adem\u00e1s de actividades art\u00edsticas, poes\u00eda, arte y m\u00fasica, se lanzar\u00e1n cinco convocatorias. Es importante comentar que estas convocatorias se dar\u00e1n a conocer en breve, ya que los premios y medallas correspondientes deben entregarse durante los d\u00edas del festival.<\/p>\n<p>La primera de ellas es el Concurso Nacional de Poes\u00eda y Cuento Griselda \u00c1lvarez Ponce de Le\u00f3n; la segunda: la medalla Poeta Griselda \u00c1lvarez Ponce de Le\u00f3n, que se otorgar\u00e1 a una mujer colimense viva que tenga aportes excepcionales a la literatura o la cultura; la tercera es un concurso infantil de cuento ilustrado para ni\u00f1as y ni\u00f1os de seis y doce a\u00f1os; la cuarta es un certamen de composici\u00f3n musical y la \u00faltima un concurso de dise\u00f1o del cartel del festival.<\/p>\n<p>En sus intervenciones, tanto en el desayuno previo como en la rueda de prensa, el rector destac\u00f3 que la UdeC tienen capacidades, condiciones y experiencia para participar y aportar a este festival. \u201cSi nuestras infancias y sociedad reciben educaci\u00f3n, cultura y deporte, cr\u00e9anme que en algunos a\u00f1os podremos modificar muchas de las cosas que vemos y no nos gustan, y desde la Universidad tenemos la enorme fortuna, el enorme privilegio y el gran compromiso de poder ofrecer de manera p\u00fablica y pr\u00e1cticamente gratuita estas tres grandes acciones\u201d, enunci\u00f3.<\/p>\n<p>Habl\u00f3 del gran legado de Griselda \u00c1lvarez como poeta, escritora y pol\u00edtica, y de la importancia que representa para la UdeC. \u201cLa universidad tiene y debe tener siempre un compromiso moral con la maestra Griselda \u00c1lvarez, pues adem\u00e1s del legado de su obra literaria, nuestra instituci\u00f3n le debe su Autonom\u00eda Universitaria, promulgada en su periodo como gobernadora de Colima; es decir, se dota de autonom\u00eda plena a la UdeC, lo que nos permiti\u00f3 crecer, afianzarnos y ser lo que ahora somos. Por eso y por todo lo que he explicado, nos sumamos con mucho entusiasmo a este primer Festival Nacional\u201d.<\/p>\n<p>Riult Rivera Guti\u00e9rrez, presidente municipal de Colima, resalt\u00f3 que este festival no es solamente para disfrutar del legado de la maestra, sino tambi\u00e9n hacer que se fortalezca su herencia en la memoria colectiva, \u201cque sigamos viviendo ese legado todos los d\u00edas, en cada una de las facetas de nuestro quehacer\u201d.<\/p>\n<p>\u201cEsperamos -a\u00f1adi\u00f3- que el festival est\u00e9 bastante nutrido de actividades culturales, literarias y sociales, y que en verdad se consolide no s\u00f3lo en Colima sino a nivel nacional, porque la obra que Griselda \u00c1lvarez realiz\u00f3 en lo literario y pol\u00edtico, no puede quedar diluida en la historia\u201d, enfatiz\u00f3.<\/p>\n<p>En su intervenci\u00f3n, Itzel R\u00edos de la Mora destac\u00f3 que es momento de hablar cosas buenas de Colima. \u201cEste festival es para llenarnos de orgullo; ser\u00e1 una raz\u00f3n m\u00e1s para sentirnos orgullosos de ser colimenses y de que muchas m\u00e1s personas quieran venir a visitar nuestro estado\u201d, coment\u00f3.<\/p>\n<p>\u201cTenemos un objetivo: que este festival no sea el primero, que no sea de un d\u00eda, que no sea de un a\u00f1o, que sea un festival permanente, que sea un legado que le dejemos a la ciudadan\u00eda y que juntos construyamos este primer festival\u201d, agreg\u00f3.<\/p>\n<p>Pastora Ferr\u00e1ez, representante del Colectivo Griselda \u00c1lvarez Ponce de Le\u00f3n, habl\u00f3 sobre c\u00f3mo surgi\u00f3 este colectivo hace dos a\u00f1os y medio aproximadamente, gracias a la petici\u00f3n de M\u00f3nica Delgado \u00c1lvarez, nieta de Griselda \u00c1lvarez, con la \u00fanica finalidad de preservar y difundir el legado de su abuela.<\/p>\n<p>En la actualidad, dijo para finalizar, \u201csomos alrededor de treinta personas quienes conformamos el colectivo y nos pusimos a trabajar realizando actividades culturales que tuvieran que ver con la poes\u00eda de la maestra y su legado pol\u00edtico, siempre con el cobijo de la Universidad de Colima\u201d. Comparti\u00f3 que la idea inicial del festival surgi\u00f3 de Gilda Callejas, directora general de Difusi\u00f3n Cultural de esta casa de estudios.<\/p>\n<p>&nbsp;<\/p>\n<p>&nbsp;<\/p>\n","protected":false},"excerpt":{"rendered":"<p>*\u201cSi nuestra sociedad recibe educaci\u00f3n, cultura y deporte, cr\u00e9anme que en algunos a\u00f1os podremos modificar muchas de las cosas que vemos y no nos gustan\u201d: Christian Torres Ortiz, rector. La ma\u00f1ana de este lunes Christian Torres Ortiz Zerme\u00f1o, rector de la Universidad de Colima (UdeC), particip\u00f3 en la presentaci\u00f3n del primer Festival Nacional Griselda \u00c1lvarez&#8230;<\/p>\n","protected":false},"author":2,"featured_media":32843,"comment_status":"closed","ping_status":"open","sticky":false,"template":"","format":"standard","meta":{"footnotes":""},"categories":[14],"tags":[29,30,28],"class_list":["post-32842","post","type-post","status-publish","format-standard","has-post-thumbnail","hentry","category-educacion-y-cultura","tag-grid","tag-news","tag-slider"],"_links":{"self":[{"href":"http:\/\/elobservatorio.com.mx\/index.php?rest_route=\/wp\/v2\/posts\/32842"}],"collection":[{"href":"http:\/\/elobservatorio.com.mx\/index.php?rest_route=\/wp\/v2\/posts"}],"about":[{"href":"http:\/\/elobservatorio.com.mx\/index.php?rest_route=\/wp\/v2\/types\/post"}],"author":[{"embeddable":true,"href":"http:\/\/elobservatorio.com.mx\/index.php?rest_route=\/wp\/v2\/users\/2"}],"replies":[{"embeddable":true,"href":"http:\/\/elobservatorio.com.mx\/index.php?rest_route=%2Fwp%2Fv2%2Fcomments&post=32842"}],"version-history":[{"count":1,"href":"http:\/\/elobservatorio.com.mx\/index.php?rest_route=\/wp\/v2\/posts\/32842\/revisions"}],"predecessor-version":[{"id":32844,"href":"http:\/\/elobservatorio.com.mx\/index.php?rest_route=\/wp\/v2\/posts\/32842\/revisions\/32844"}],"wp:featuredmedia":[{"embeddable":true,"href":"http:\/\/elobservatorio.com.mx\/index.php?rest_route=\/wp\/v2\/media\/32843"}],"wp:attachment":[{"href":"http:\/\/elobservatorio.com.mx\/index.php?rest_route=%2Fwp%2Fv2%2Fmedia&parent=32842"}],"wp:term":[{"taxonomy":"category","embeddable":true,"href":"http:\/\/elobservatorio.com.mx\/index.php?rest_route=%2Fwp%2Fv2%2Fcategories&post=32842"},{"taxonomy":"post_tag","embeddable":true,"href":"http:\/\/elobservatorio.com.mx\/index.php?rest_route=%2Fwp%2Fv2%2Ftags&post=32842"}],"curies":[{"name":"wp","href":"https:\/\/api.w.org\/{rel}","templated":true}]}}