{"id":32855,"date":"2025-08-04T21:04:16","date_gmt":"2025-08-05T03:04:16","guid":{"rendered":"http:\/\/elobservatorio.com.mx\/?p=32855"},"modified":"2025-08-04T21:08:08","modified_gmt":"2025-08-05T03:08:08","slug":"a-traves-de-la-campana-reforestando-por-ti-queremos-fortalecer-la-naturaleza-riult-rivera","status":"publish","type":"post","link":"http:\/\/elobservatorio.com.mx\/?p=32855","title":{"rendered":"A trav\u00e9s de la campa\u00f1a \u201cReforestando por ti\u201d, queremos fortalecer la naturaleza: Riult Rivera"},"content":{"rendered":"<p><em>* Hasta el momento se han plantado m\u00e1s de mil \u00e1rboles, tanto en zona urbana, como en el \u00e1rea rural, dijo.<\/em><\/p>\n<p>Colima, Col., 4 de agosto de 2025.- El presidente municipal de Colima, Riult Rivera Guti\u00e9rrez, inform\u00f3 que continua adelante la campa\u00f1a de reforestaci\u00f3n \u201cReforestando por ti\u201d, en donde se han estado atendiendo las diversas zonas del municipio, en donde se han estado plantando diversas variedades.<\/p>\n<p>Destac\u00f3 el edil capitalino que al frente de esta campa\u00f1a, se encuentra la Directora de Medio Ambiente y Ecolog\u00eda del Ayuntamiento, Nirvana Rocha Jim\u00e9nez, quien ha estado encabezando las distintas brigadas que han estado trabajando.<\/p>\n<p>Riult Rivera dijo que para el Ayuntamiento que preside, el medio ambiente es elemento propio de nuestra existencia, \u201cy el llevar a cabo acciones que nos permitan fortalecer la naturaleza, siempre estar\u00e1 en nuestra agenda cotidiana\u201d.<\/p>\n<p>Mencion\u00f3 el presidente municipal de Colima, que aprovechando el temporal de lluvias, se est\u00e1 realizando la campa\u00f1a de reforestaci\u00f3n de manera adecuada en lugares en donde sabemos que se puede brindar una atenci\u00f3n a la plantas que se est\u00e1n llevando a distintas zonas de la ciudad, porque lo que queremos es que Colima siga reverdeciendo a trav\u00e9s de nuestro programa \u201cColima Verde\u201d y bello.<\/p>\n<p>Destac\u00f3 que en la campa\u00f1a que viene ejecutando el Ayuntamiento de Colima, se han sembrado m\u00e1s de mil \u00e1rboles, destacando que la meta es llegar a tres mil, en donde se han estado plantando especies nativas del municipio.<\/p>\n<p>Insisti\u00f3 el presidente municipal de Colima, que lo que se trata en esta campa\u00f1a de \u201cReforestando por ti\u201d, se trata de realizar una reforestaci\u00f3n responsable, programada y ya sabiendo las especies que se van a plantar, ya que dependiendo el lugar donde se har\u00e1, eso cuenta, se\u00f1alando que la preservaci\u00f3n es uno de los puntos medulares, porque si una vez que pase el temporal de lluvias, los arbolitos no prenden o se secan, de nava valdr\u00e1 todo el esfuerzo que se realice.<\/p>\n<p>Queremos que los \u00e1rboles que sean plantados permanezcan para que los veamos frondosos en un futuro cercano y los veamos florecer, dijo.<\/p>\n<p>La directora de Ecolog\u00eda Nirvana Rocha Jim\u00e9nez, dijo que a trav\u00e9s de la campa\u00f1a \u201cReforestando por ti\u201d, se tiene como principal objetivo la armonizaci\u00f3n en las zonas rurales y urbanas del municipio, destacando que esta es una campa\u00f1a integral que estamos desarrollando en el tiempo adecuado, que es en el temporal de lluvias, que es el adecuado para poder desarrollar este tipo de actividad y se viene trabajando de manera integral\u201d.<\/p>\n<p>La funcionaria municipal indic\u00f3 que no se trata solamente de acudir a plantar \u00e1rboles, sino saber que especies poner y cu\u00e1les son las m\u00e1s aptas para cada espacio que se va a intervenir.<\/p>\n<p>Rocha Jim\u00e9nez dijo que a esta campa\u00f1a de reforestaci\u00f3n, se ha venido integrando a las ni\u00f1as y los ni\u00f1os, aprovechando que se encuentran de vacaciones, con el \u00e1nimo de que se desde temprana edad se vaya sembrando la semillita del cuidado al medio ambiente.<\/p>\n<p>En esta campa\u00f1a de reforestaci\u00f3n se han sumado grupos ambientales, iniciativa privada, la academia, las escuelas y el Ayuntamiento de Colima a trav\u00e9s de la Direcci\u00f3n de Medio Ambiente y Ecolog\u00eda, pero es importante se\u00f1alar que todas las dependencias municipales se suman a esta campa\u00f1a.<\/p>\n<p>Destac\u00f3 que entre las variedades que se han estado planteando, se encuentra rosa morada, primavera, huitzilacate, entre muchas m\u00e1s especies.<\/p>\n<p>La directora de Medio Ambiente y Ecolog\u00eda, dijo que el asmol, es un \u00e1rbol nativo de Colima, en peligro de extinci\u00f3n, por lo que se est\u00e1 trabajando en su conservaci\u00f3n, en el vivero, donde se est\u00e1 trabajando en su producci\u00f3n, y ya se est\u00e1 planteando en las partes que han sido reforestadas.<\/p>\n<p>Antes de concluir, dijo la funcionaria municipal, que en caso de que las lluvias dejen de ser copias, el Ayuntamiento de Colima, a trav\u00e9s de pipas, estar\u00e1 regando aquellas \u00e1reas que han estado siendo reforestadas, a fin de garantizar su supervivencia.<\/p>\n<p>La reforestaci\u00f3n se viene realizando en parques, jardines, camellones, inclusive en algunos planteles escolares y en la zona rural, algo que normalmente no se hacia anteriormente<\/p>\n","protected":false},"excerpt":{"rendered":"<p>* Hasta el momento se han plantado m\u00e1s de mil \u00e1rboles, tanto en zona urbana, como en el \u00e1rea rural, dijo. Colima, Col., 4 de agosto de 2025.- El presidente municipal de Colima, Riult Rivera Guti\u00e9rrez, inform\u00f3 que continua adelante la campa\u00f1a de reforestaci\u00f3n \u201cReforestando por ti\u201d, en donde se han estado atendiendo las diversas&#8230;<\/p>\n","protected":false},"author":2,"featured_media":32856,"comment_status":"closed","ping_status":"open","sticky":false,"template":"","format":"standard","meta":{"footnotes":""},"categories":[8,36],"tags":[29,30,28],"class_list":["post-32855","post","type-post","status-publish","format-standard","has-post-thumbnail","hentry","category-municipios","category-colima","tag-grid","tag-news","tag-slider"],"_links":{"self":[{"href":"http:\/\/elobservatorio.com.mx\/index.php?rest_route=\/wp\/v2\/posts\/32855"}],"collection":[{"href":"http:\/\/elobservatorio.com.mx\/index.php?rest_route=\/wp\/v2\/posts"}],"about":[{"href":"http:\/\/elobservatorio.com.mx\/index.php?rest_route=\/wp\/v2\/types\/post"}],"author":[{"embeddable":true,"href":"http:\/\/elobservatorio.com.mx\/index.php?rest_route=\/wp\/v2\/users\/2"}],"replies":[{"embeddable":true,"href":"http:\/\/elobservatorio.com.mx\/index.php?rest_route=%2Fwp%2Fv2%2Fcomments&post=32855"}],"version-history":[{"count":2,"href":"http:\/\/elobservatorio.com.mx\/index.php?rest_route=\/wp\/v2\/posts\/32855\/revisions"}],"predecessor-version":[{"id":32858,"href":"http:\/\/elobservatorio.com.mx\/index.php?rest_route=\/wp\/v2\/posts\/32855\/revisions\/32858"}],"wp:featuredmedia":[{"embeddable":true,"href":"http:\/\/elobservatorio.com.mx\/index.php?rest_route=\/wp\/v2\/media\/32856"}],"wp:attachment":[{"href":"http:\/\/elobservatorio.com.mx\/index.php?rest_route=%2Fwp%2Fv2%2Fmedia&parent=32855"}],"wp:term":[{"taxonomy":"category","embeddable":true,"href":"http:\/\/elobservatorio.com.mx\/index.php?rest_route=%2Fwp%2Fv2%2Fcategories&post=32855"},{"taxonomy":"post_tag","embeddable":true,"href":"http:\/\/elobservatorio.com.mx\/index.php?rest_route=%2Fwp%2Fv2%2Ftags&post=32855"}],"curies":[{"name":"wp","href":"https:\/\/api.w.org\/{rel}","templated":true}]}}