{"id":32859,"date":"2025-08-04T21:24:16","date_gmt":"2025-08-05T03:24:16","guid":{"rendered":"http:\/\/elobservatorio.com.mx\/?p=32859"},"modified":"2025-08-04T21:24:16","modified_gmt":"2025-08-05T03:24:16","slug":"realizaran-primer-festival-nacional-en-honor-a-griselda-alvarez-ponce-de-leon","status":"publish","type":"post","link":"http:\/\/elobservatorio.com.mx\/?p=32859","title":{"rendered":"Realizar\u00e1n Primer Festival Nacional en honor a Griselda \u00c1lvarez Ponce de Le\u00f3n"},"content":{"rendered":"<p><em>* Presentan Ayuntamiento de Colima, Universidad de Colima y Colectivo Griselda \u00c1lvarez.\u00a0\u00a0<\/em><\/p>\n<p><em>*El legado de la Maestra sigue vigente y representa una gu\u00eda para construir una sociedad m\u00e1s respetuosa y solidaria, afirm\u00f3 el alcalde.<\/em><\/p>\n<p><em>*Recuerda rector Christian Torres el respaldo de Griselda \u00c1lvarez en la promulgaci\u00f3n la Ley Org\u00e1nica que otorg\u00f3 autonom\u00eda plena a la Universidad de Colima.<\/em><\/p>\n<p>Colima, Col., 4 de agosto de 2025.- El presidente municipal de Colima, Riult Rivera Guti\u00e9rrez, el rector de la Universidad de Colima, Christian Jorge Torres Ortiz Zerme\u00f1o; y representantes del Colectivo Griselda \u00c1lvarez, anunciaron la realizaci\u00f3n del Primer Festival Nacional Griselda \u00c1lvarez Ponce de Le\u00f3n, que se llevar\u00e1 a cabo del 1 al 3 de octubre en espacios emblem\u00e1ticos de la capital colimense. Este evento busca honrar la vida, obra y legado de quien fuera la primera gobernadora de M\u00e9xico.<\/p>\n<p>Con la firma del convenio para la instalaci\u00f3n del Comit\u00e9 Organizador, se formaliz\u00f3 la alianza entre el Ayuntamiento de Colima, la Universidad de Colima y el Colectivo Griselda \u00c1lvarez, con el objetivo de consolidar un proyecto de alcance nacional que destaque las diversas facetas de Griselda \u00c1lvarez como escritora, pol\u00edtica y promotora de la cultura. El festival busca ser un referente que d\u00e9 continuidad a su legado y su aportaci\u00f3n hist\u00f3rica al pa\u00eds.<\/p>\n<p>En el marco de esta colaboraci\u00f3n, se lanzar\u00e1n cinco convocatorias de car\u00e1cter nacional y estatal: el Certamen Nacional de Poes\u00eda y Cuento Griselda \u00c1lvarez, la Medalla Poeta Griselda \u00c1lvarez, que se otorgar\u00e1 a una mujer colimense destacada en el \u00e1mbito cultural; el concurso infantil \u00abLa Sombra Ni\u00f1a: Cuento Ilustrado\u00bb; el Certamen de Composici\u00f3n Musical Griselda \u00c1lvarez; y, el Concurso de Dise\u00f1o de Cartel del Festival.<\/p>\n<p>Estas iniciativas estar\u00e1n abiertas a distintos p\u00fablicos, con la finalidad de fomentar la participaci\u00f3n art\u00edstica e intelectual inspirada en la figura de Griselda \u00c1lvarez.<\/p>\n<p>Adem\u00e1s, se presentar\u00e1 el montaje esc\u00e9nico \u00abLas Griseldas: Recorrido Biogr\u00e1fico Teatralizado\u00bb, una propuesta que recorrer\u00e1 el centro hist\u00f3rico de la ciudad a trav\u00e9s de una representaci\u00f3n vivencial de los momentos clave en la vida de la exgobernadora, interpretada por actrices caracterizadas.<\/p>\n<p>Esta actividad busca acercar al p\u00fablico a la dimensi\u00f3n humana y profesional de una mujer cuya trayectoria marc\u00f3 un hito en la historia pol\u00edtica de M\u00e9xico.<\/p>\n<p>Durante su intervenci\u00f3n, el presidente municipal Riult Rivera Guti\u00e9rrez, expres\u00f3 su entusiasmo por consolidar este festival como un referente a nivel nacional y destac\u00f3 la importancia de asumir con responsabilidad la organizaci\u00f3n de un evento que exalte la figura de Griselda \u00c1lvarez. Subray\u00f3 que su legado sigue vigente y representa una gu\u00eda para construir una sociedad m\u00e1s respetuosa y solidaria.<\/p>\n<p>\u00abGriselda \u00c1lvarez Ponce de Le\u00f3n, es en la vida pol\u00edtica y social de M\u00e9xico la primera gobernadora de M\u00e9xico, que jam\u00e1s se olvide, porque ah\u00ed inici\u00f3 una nueva etapa en la historia pol\u00edtica democr\u00e1tica de M\u00e9xico\u00bb, resalt\u00f3 el alcalde.<\/p>\n<p>El rector Christian Torres Ortiz Zerme\u00f1o, se\u00f1al\u00f3 que la Universidad de Colima participa en este esfuerzo con pleno compromiso, destacando que el festival debe tener proyecci\u00f3n nacional y continuidad a lo largo del tiempo.<\/p>\n<p>Record\u00f3 que fue precisamente Griselda \u00c1lvarez, en su per\u00edodo como gobernadora, quien promulg\u00f3 la Ley Org\u00e1nica que otorg\u00f3 autonom\u00eda plena a la Universidad de Colima, hecho que marc\u00f3 un antes y un despu\u00e9s en su desarrollo institucional.<\/p>\n<p>Asimismo, expres\u00f3 su agradecimiento al presidente municipal Riult Rivera, por sumar esfuerzos y por impulsar, junto con las instituciones participantes, la realizaci\u00f3n de un festival nacional de gran relevancia para el pueblo de Colima.<\/p>\n<p>Finalmente, Itzel R\u00edos de la Mora, s\u00edndica municipal y coordinadora del festival, as\u00ed como Pastora Ferraez Lepe, integrante del colectivo, coincidieron en la relevancia de posicionar a Griselda \u00c1lvarez como un referente de liderazgo, inteligencia y sensibilidad.<\/p>\n<p>Ambas reconocieron el esfuerzo conjunto de las instituciones convocantes y la voluntad de llevar a cabo un festival que no s\u00f3lo honre su memoria, sino que tambi\u00e9n impulse expresiones art\u00edsticas y culturales que fortalezcan el orgullo de pertenecer al estado de Colima.<\/p>\n","protected":false},"excerpt":{"rendered":"<p>* Presentan Ayuntamiento de Colima, Universidad de Colima y Colectivo Griselda \u00c1lvarez.\u00a0\u00a0 *El legado de la Maestra sigue vigente y representa una gu\u00eda para construir una sociedad m\u00e1s respetuosa y solidaria, afirm\u00f3 el alcalde. *Recuerda rector Christian Torres el respaldo de Griselda \u00c1lvarez en la promulgaci\u00f3n la Ley Org\u00e1nica que otorg\u00f3 autonom\u00eda plena a la&#8230;<\/p>\n","protected":false},"author":2,"featured_media":32860,"comment_status":"closed","ping_status":"open","sticky":false,"template":"","format":"standard","meta":{"footnotes":""},"categories":[8,36],"tags":[29,30,28],"class_list":["post-32859","post","type-post","status-publish","format-standard","has-post-thumbnail","hentry","category-municipios","category-colima","tag-grid","tag-news","tag-slider"],"_links":{"self":[{"href":"http:\/\/elobservatorio.com.mx\/index.php?rest_route=\/wp\/v2\/posts\/32859"}],"collection":[{"href":"http:\/\/elobservatorio.com.mx\/index.php?rest_route=\/wp\/v2\/posts"}],"about":[{"href":"http:\/\/elobservatorio.com.mx\/index.php?rest_route=\/wp\/v2\/types\/post"}],"author":[{"embeddable":true,"href":"http:\/\/elobservatorio.com.mx\/index.php?rest_route=\/wp\/v2\/users\/2"}],"replies":[{"embeddable":true,"href":"http:\/\/elobservatorio.com.mx\/index.php?rest_route=%2Fwp%2Fv2%2Fcomments&post=32859"}],"version-history":[{"count":1,"href":"http:\/\/elobservatorio.com.mx\/index.php?rest_route=\/wp\/v2\/posts\/32859\/revisions"}],"predecessor-version":[{"id":32861,"href":"http:\/\/elobservatorio.com.mx\/index.php?rest_route=\/wp\/v2\/posts\/32859\/revisions\/32861"}],"wp:featuredmedia":[{"embeddable":true,"href":"http:\/\/elobservatorio.com.mx\/index.php?rest_route=\/wp\/v2\/media\/32860"}],"wp:attachment":[{"href":"http:\/\/elobservatorio.com.mx\/index.php?rest_route=%2Fwp%2Fv2%2Fmedia&parent=32859"}],"wp:term":[{"taxonomy":"category","embeddable":true,"href":"http:\/\/elobservatorio.com.mx\/index.php?rest_route=%2Fwp%2Fv2%2Fcategories&post=32859"},{"taxonomy":"post_tag","embeddable":true,"href":"http:\/\/elobservatorio.com.mx\/index.php?rest_route=%2Fwp%2Fv2%2Ftags&post=32859"}],"curies":[{"name":"wp","href":"https:\/\/api.w.org\/{rel}","templated":true}]}}