{"id":32867,"date":"2025-08-04T22:30:03","date_gmt":"2025-08-05T04:30:03","guid":{"rendered":"http:\/\/elobservatorio.com.mx\/?p=32867"},"modified":"2025-08-04T22:39:42","modified_gmt":"2025-08-05T04:39:42","slug":"morena-el-partido-mas-caro-del-mundo-alvarez-maynez","status":"publish","type":"post","link":"http:\/\/elobservatorio.com.mx\/?p=32867","title":{"rendered":"Morena, el partido m\u00e1s caro del mundo:  \u00c1lvarez M\u00e1ynez"},"content":{"rendered":"<p><em>* El dirigente nacional de Movimiento Ciudadano, dijo adem\u00e1s que en tan solo 10 a\u00f1os, Morena ha recibido $30,000 millones de financiamiento p\u00fablico\u00a0<\/em><\/p>\n<p>Este lunes, el dirigente nacional de Movimiento Ciudadano, Jorge \u00c1lvarez M\u00e1ynez, poste\u00f3 en sus redes sociales que \u00abMorena: el partido m\u00e1s caro del mundo<\/p>\n<p>En tan solo 10 a\u00f1os, Morena ha recibido $30,000 millones de financiamiento p\u00fablico.<\/p>\n<p>Aunque fue de sus principales promesas cuando se fund\u00f3, nunca regres\u00f3 un solo peso. Incluyendo el fideicomiso fraudulento del sismo en 2017 que se robaron\u00bb. <img loading=\"lazy\" decoding=\"async\" class=\"alignnone size-full wp-image-32868\" src=\"http:\/\/elobservatorio.com.mx\/wp-content\/uploads\/2025\/08\/numeros.jpg\" alt=\"\" width=\"900\" height=\"693\" \/><\/p>\n","protected":false},"excerpt":{"rendered":"<p>* El dirigente nacional de Movimiento Ciudadano, dijo adem\u00e1s que en tan solo 10 a\u00f1os, Morena ha recibido $30,000 millones de financiamiento p\u00fablico\u00a0 Este lunes, el dirigente nacional de Movimiento Ciudadano, Jorge \u00c1lvarez M\u00e1ynez, poste\u00f3 en sus redes sociales que \u00abMorena: el partido m\u00e1s caro del mundo En tan solo 10 a\u00f1os, Morena ha recibido&#8230;<\/p>\n","protected":false},"author":2,"featured_media":32869,"comment_status":"closed","ping_status":"open","sticky":false,"template":"","format":"standard","meta":{"footnotes":""},"categories":[10],"tags":[29,30,28],"class_list":["post-32867","post","type-post","status-publish","format-standard","has-post-thumbnail","hentry","category-politica","tag-grid","tag-news","tag-slider"],"_links":{"self":[{"href":"http:\/\/elobservatorio.com.mx\/index.php?rest_route=\/wp\/v2\/posts\/32867"}],"collection":[{"href":"http:\/\/elobservatorio.com.mx\/index.php?rest_route=\/wp\/v2\/posts"}],"about":[{"href":"http:\/\/elobservatorio.com.mx\/index.php?rest_route=\/wp\/v2\/types\/post"}],"author":[{"embeddable":true,"href":"http:\/\/elobservatorio.com.mx\/index.php?rest_route=\/wp\/v2\/users\/2"}],"replies":[{"embeddable":true,"href":"http:\/\/elobservatorio.com.mx\/index.php?rest_route=%2Fwp%2Fv2%2Fcomments&post=32867"}],"version-history":[{"count":3,"href":"http:\/\/elobservatorio.com.mx\/index.php?rest_route=\/wp\/v2\/posts\/32867\/revisions"}],"predecessor-version":[{"id":32872,"href":"http:\/\/elobservatorio.com.mx\/index.php?rest_route=\/wp\/v2\/posts\/32867\/revisions\/32872"}],"wp:featuredmedia":[{"embeddable":true,"href":"http:\/\/elobservatorio.com.mx\/index.php?rest_route=\/wp\/v2\/media\/32869"}],"wp:attachment":[{"href":"http:\/\/elobservatorio.com.mx\/index.php?rest_route=%2Fwp%2Fv2%2Fmedia&parent=32867"}],"wp:term":[{"taxonomy":"category","embeddable":true,"href":"http:\/\/elobservatorio.com.mx\/index.php?rest_route=%2Fwp%2Fv2%2Fcategories&post=32867"},{"taxonomy":"post_tag","embeddable":true,"href":"http:\/\/elobservatorio.com.mx\/index.php?rest_route=%2Fwp%2Fv2%2Ftags&post=32867"}],"curies":[{"name":"wp","href":"https:\/\/api.w.org\/{rel}","templated":true}]}}