{"id":32873,"date":"2025-08-04T23:06:53","date_gmt":"2025-08-05T05:06:53","guid":{"rendered":"http:\/\/elobservatorio.com.mx\/?p=32873"},"modified":"2025-08-04T23:06:53","modified_gmt":"2025-08-05T05:06:53","slug":"sentencian-a-hombre-por-causar-lesiones-y-danos-culposos","status":"publish","type":"post","link":"http:\/\/elobservatorio.com.mx\/?p=32873","title":{"rendered":"Sentencian a hombre por causar lesiones y da\u00f1os culposos"},"content":{"rendered":"<p><em>+ Los hechos ocurrieron en noviembre del a\u00f1o 2021, en la carretera libre Colima-Cuaut\u00e9moc<\/em><\/p>\n<p>La Fiscal\u00eda General del Estado (FGE) obtuvo sentencia condenatoria en contra de Ernesto \u201cN\u201d por su responsabilidad penal en lo que la ley se\u00f1ala como los delitos de lesiones culposas y da\u00f1os culposos, cometidos en agravio de un hombre en noviembre de 2021.<\/p>\n<p>De acuerdo con la carpeta de investigaci\u00f3n, los hechos ocurrieron sobre la carretera libre Colima-Cuauht\u00e9moc, a la altura de la comunidad El C\u00f3bano. La v\u00edctima circulaba en su veh\u00edculo y, al llegar a una brecha conocida como \u201cEl Frijol\u201d, encendi\u00f3 la direccional para ingresar a dicho camino. Sin embargo, Ernesto \u201cN\u201d, quien conduc\u00eda una camioneta detr\u00e1s del afectado, no prest\u00f3 atenci\u00f3n al frente, lo que provoc\u00f3 que impactara por la parte trasera el veh\u00edculo de la v\u00edctima. Como resultado del accidente, se registraron da\u00f1os materiales en el autom\u00f3vil y la v\u00edctima sufri\u00f3 lesiones de gravedad que derivaron en una incapacidad total y permanente.<\/p>\n<p>Tras desarrollarse el proceso judicial y agotarse la etapa del juicio, el tribunal de enjuiciamiento dict\u00f3 una sentencia condenatoria en contra del imputado, imponi\u00e9ndole una pena de un a\u00f1o, un mes y 15 d\u00edas de prisi\u00f3n, adem\u00e1s del pago de una multa econ\u00f3mica y la reparaci\u00f3n del da\u00f1o a la persona afectada.<\/p>\n<p>La Fiscal\u00eda General del Estado reitera su compromiso con la procuraci\u00f3n de justicia y la atenci\u00f3n a v\u00edctimas, trabajando para que quienes infrinjan la ley enfrenten las consecuencias de sus actos ante las autoridades judiciales.<\/p>\n<p>En este sentido, reitera el llamado a la poblaci\u00f3n a realizar las denuncias de los actos delictivos y emergencias a la l\u00ednea 911.<\/p>\n","protected":false},"excerpt":{"rendered":"<p>+ Los hechos ocurrieron en noviembre del a\u00f1o 2021, en la carretera libre Colima-Cuaut\u00e9moc La Fiscal\u00eda General del Estado (FGE) obtuvo sentencia condenatoria en contra de Ernesto \u201cN\u201d por su responsabilidad penal en lo que la ley se\u00f1ala como los delitos de lesiones culposas y da\u00f1os culposos, cometidos en agravio de un hombre en noviembre&#8230;<\/p>\n","protected":false},"author":2,"featured_media":32874,"comment_status":"closed","ping_status":"open","sticky":false,"template":"","format":"standard","meta":{"footnotes":""},"categories":[15],"tags":[29,30,28],"class_list":["post-32873","post","type-post","status-publish","format-standard","has-post-thumbnail","hentry","category-seguridad-y-justicia","tag-grid","tag-news","tag-slider"],"_links":{"self":[{"href":"http:\/\/elobservatorio.com.mx\/index.php?rest_route=\/wp\/v2\/posts\/32873"}],"collection":[{"href":"http:\/\/elobservatorio.com.mx\/index.php?rest_route=\/wp\/v2\/posts"}],"about":[{"href":"http:\/\/elobservatorio.com.mx\/index.php?rest_route=\/wp\/v2\/types\/post"}],"author":[{"embeddable":true,"href":"http:\/\/elobservatorio.com.mx\/index.php?rest_route=\/wp\/v2\/users\/2"}],"replies":[{"embeddable":true,"href":"http:\/\/elobservatorio.com.mx\/index.php?rest_route=%2Fwp%2Fv2%2Fcomments&post=32873"}],"version-history":[{"count":1,"href":"http:\/\/elobservatorio.com.mx\/index.php?rest_route=\/wp\/v2\/posts\/32873\/revisions"}],"predecessor-version":[{"id":32875,"href":"http:\/\/elobservatorio.com.mx\/index.php?rest_route=\/wp\/v2\/posts\/32873\/revisions\/32875"}],"wp:featuredmedia":[{"embeddable":true,"href":"http:\/\/elobservatorio.com.mx\/index.php?rest_route=\/wp\/v2\/media\/32874"}],"wp:attachment":[{"href":"http:\/\/elobservatorio.com.mx\/index.php?rest_route=%2Fwp%2Fv2%2Fmedia&parent=32873"}],"wp:term":[{"taxonomy":"category","embeddable":true,"href":"http:\/\/elobservatorio.com.mx\/index.php?rest_route=%2Fwp%2Fv2%2Fcategories&post=32873"},{"taxonomy":"post_tag","embeddable":true,"href":"http:\/\/elobservatorio.com.mx\/index.php?rest_route=%2Fwp%2Fv2%2Ftags&post=32873"}],"curies":[{"name":"wp","href":"https:\/\/api.w.org\/{rel}","templated":true}]}}