{"id":32876,"date":"2025-08-04T23:37:23","date_gmt":"2025-08-05T05:37:23","guid":{"rendered":"http:\/\/elobservatorio.com.mx\/?p=32876"},"modified":"2025-08-04T23:37:23","modified_gmt":"2025-08-05T05:37:23","slug":"atentado-directo-contra-el-estado-mexicano-el-asesinato-del-delegado-de-la-fgr-en-tamaulipas","status":"publish","type":"post","link":"http:\/\/elobservatorio.com.mx\/?p=32876","title":{"rendered":"Atentado directo contra el estado mexicano, el asesinato del delegado de la FGR en Tamaulipas"},"content":{"rendered":"<p><em>\u2022 El Presidente del CEN del PRI advirti\u00f3 que \u201cM\u00e9xico est\u00e1 siendo devorado por el crimen. Y este gobierno no tiene ni la voluntad, ni la capacidad para enfrentarlo\u201d.<\/em><\/p>\n<p>El Presidente del Comit\u00e9 Ejecutivo Nacional (CEN) del Partido Revolucionario Institucional (PRI), Alejandro Moreno, conden\u00f3 el asesinato del delegado de la Fiscal\u00eda General de la Rep\u00fablica (FGR) en Tamaulipas, Ernesto V\u00e1zquez Reyna, y lo calific\u00f3 como un atentado directo contra el Estado mexicano.<\/p>\n<p>El senador y dirigente nacional del tricolor dijo que lo sucedido en Tamaulipas es atroz, ya que V\u00e1zquez Reyna fue asesinado con granadas y armas largas.<\/p>\n<p>En un mensaje publicado en sus redes sociales, el Presidente Alejandro Moreno expres\u00f3 que \u201cdesde la oposici\u00f3n condenamos en\u00e9rgicamente este crimen y exigimos justicia\u201d.<\/p>\n<p>Adem\u00e1s, advirti\u00f3 que \u201cno podemos normalizar este grado de violencia\u201d.<\/p>\n<p>El dirigente nacional del PRI sostuvo que \u201cM\u00e9xico est\u00e1 siendo devorado por el crimen. Y este gobierno no tiene ni la voluntad, ni la capacidad para enfrentarlo\u201d.<\/p>\n","protected":false},"excerpt":{"rendered":"<p>\u2022 El Presidente del CEN del PRI advirti\u00f3 que \u201cM\u00e9xico est\u00e1 siendo devorado por el crimen. Y este gobierno no tiene ni la voluntad, ni la capacidad para enfrentarlo\u201d. El Presidente del Comit\u00e9 Ejecutivo Nacional (CEN) del Partido Revolucionario Institucional (PRI), Alejandro Moreno, conden\u00f3 el asesinato del delegado de la Fiscal\u00eda General de la Rep\u00fablica&#8230;<\/p>\n","protected":false},"author":2,"featured_media":32877,"comment_status":"closed","ping_status":"open","sticky":false,"template":"","format":"standard","meta":{"footnotes":""},"categories":[10],"tags":[29,30,28],"class_list":["post-32876","post","type-post","status-publish","format-standard","has-post-thumbnail","hentry","category-politica","tag-grid","tag-news","tag-slider"],"_links":{"self":[{"href":"http:\/\/elobservatorio.com.mx\/index.php?rest_route=\/wp\/v2\/posts\/32876"}],"collection":[{"href":"http:\/\/elobservatorio.com.mx\/index.php?rest_route=\/wp\/v2\/posts"}],"about":[{"href":"http:\/\/elobservatorio.com.mx\/index.php?rest_route=\/wp\/v2\/types\/post"}],"author":[{"embeddable":true,"href":"http:\/\/elobservatorio.com.mx\/index.php?rest_route=\/wp\/v2\/users\/2"}],"replies":[{"embeddable":true,"href":"http:\/\/elobservatorio.com.mx\/index.php?rest_route=%2Fwp%2Fv2%2Fcomments&post=32876"}],"version-history":[{"count":1,"href":"http:\/\/elobservatorio.com.mx\/index.php?rest_route=\/wp\/v2\/posts\/32876\/revisions"}],"predecessor-version":[{"id":32878,"href":"http:\/\/elobservatorio.com.mx\/index.php?rest_route=\/wp\/v2\/posts\/32876\/revisions\/32878"}],"wp:featuredmedia":[{"embeddable":true,"href":"http:\/\/elobservatorio.com.mx\/index.php?rest_route=\/wp\/v2\/media\/32877"}],"wp:attachment":[{"href":"http:\/\/elobservatorio.com.mx\/index.php?rest_route=%2Fwp%2Fv2%2Fmedia&parent=32876"}],"wp:term":[{"taxonomy":"category","embeddable":true,"href":"http:\/\/elobservatorio.com.mx\/index.php?rest_route=%2Fwp%2Fv2%2Fcategories&post=32876"},{"taxonomy":"post_tag","embeddable":true,"href":"http:\/\/elobservatorio.com.mx\/index.php?rest_route=%2Fwp%2Fv2%2Ftags&post=32876"}],"curies":[{"name":"wp","href":"https:\/\/api.w.org\/{rel}","templated":true}]}}