{"id":32879,"date":"2025-08-06T20:51:31","date_gmt":"2025-08-07T02:51:31","guid":{"rendered":"http:\/\/elobservatorio.com.mx\/?p=32879"},"modified":"2025-08-06T20:51:31","modified_gmt":"2025-08-07T02:51:31","slug":"capacitan-a-personal-de-bibliotecas-para-mejorar-la-experiencia-del-usuario-en-la-udec","status":"publish","type":"post","link":"http:\/\/elobservatorio.com.mx\/?p=32879","title":{"rendered":"Capacitan a personal de bibliotecas para mejorar la experiencia del usuario, en la UdeC"},"content":{"rendered":"<p><em>* \u201cSi bien es importante la infraestructura que pueda tener la Universidad, la tecnolog\u00eda o los laboratorios, siempre lo he reiterado: lo m\u00e1s valioso que tiene la Universidad es su gente\u201d. Christian Torres Ortiz, rector.<\/em><\/p>\n<p>Con el prop\u00f3sito de fortalecer las habilidades y conocimientos del personal adscrito a la Direcci\u00f3n General de Tecnolog\u00edas Informacionales, este mi\u00e9rcoles el rector de la Universidad de Colima, Christian Torres Ortiz Zerme\u00f1o, inaugur\u00f3 el curso-taller <em>Tecnolog\u00edas Informacionales: Personas que Transforman Espacios<\/em>.<\/p>\n<p>En esta capacitaci\u00f3n, que se realiza del 4 al 7 de este mes, participan 95 de las personas que integran la dependencia, con el objetivo de fomentar un ambiente laboral m\u00e1s estimulante, desafiante y preparado para responder a los retos del entorno actual.<\/p>\n<p>El rector destac\u00f3 que, para la Universidad de Colima, \u201cla formaci\u00f3n continua no es un complemento, sino una responsabilidad institucional\u201d, ya que la atenci\u00f3n permanente a estudiantes, personal universitario y p\u00fablico externo exige contar con equipos actualizados y con habilidades t\u00e9cnicas y humanas bien desarrolladas. \u201cEsto es una condici\u00f3n indispensable para el funcionamiento eficiente de cada una de nuestras \u00e1reas\u201d, a\u00f1adi\u00f3.<\/p>\n<p>Dijo que este taller fortalecer\u00e1 el desempe\u00f1o del personal, impactando de manera directa en el clima laboral, en la calidad del servicio que se brinda a otras dependencias y, sobre todo, en la experiencia de las y los usuarios finales, \u201cparticularmente nuestras y nuestros estudiantes, que son el centro de nuestro quehacer universitario\u201d.<\/p>\n<p>Torres Ortiz Zerme\u00f1o reflexion\u00f3 en la evoluci\u00f3n del papel de las bibliotecas de esta casa de estudios: \u201cSi bien es importante la infraestructura que pueda tener la Universidad, la tecnolog\u00eda o los laboratorios, siempre lo he reiterado: lo m\u00e1s valioso que tiene la Universidad es su gente, por eso es tan importante invertir en capacitarla para que d\u00eda con d\u00eda haga de mejor manera su trabajo\u201d.<\/p>\n<p>\u201cEn ese sentido, ustedes son los que nos van a decir cu\u00e1l es el rumbo y cu\u00e1les los pasos a seguir en estos espacios tan vitales para la formaci\u00f3n de nuestros estudiantes. Estoy convencido de que este taller contribuir\u00e1 a un mejor clima laboral basado en el respeto, la confianza y el compromiso compartido\u201d, concluy\u00f3.<\/p>\n<p>Guadalupe Berver Corona, directora general de Tecnolog\u00edas Informacionales, se\u00f1al\u00f3 que \u201c\u00e9ste busca ser un taller formativo, reflexivo y colaborativo, dise\u00f1ado especialmente para ustedes, el personal que d\u00eda a d\u00eda hace posible que la informaci\u00f3n, el conocimiento y la formaci\u00f3n acad\u00e9mica lleguen a estudiantes y docentes de la Universidad de Colima. M\u00e1s que un taller, es una oportunidad para detenernos un momento, observar lo que hemos construido y proyectar juntos hacia d\u00f3nde podemos seguir transformando nuestros espacios\u201d.<\/p>\n<p>Destac\u00f3, adem\u00e1s, que hoy en d\u00eda las tecnolog\u00edas informacionales han adquirido un papel central en la vida universitaria: \u201cYa no se trata s\u00f3lo de conservar libros o facilitar el acceso a bases de datos, sino de conectar a las personas con la informaci\u00f3n pertinente, generar experiencias de aprendizaje significativas, promover la alfabetizaci\u00f3n digital, la \u00e9tica de la informaci\u00f3n y el pensamiento cr\u00edtico\u201d.<\/p>\n<p>Resalt\u00f3 que el taller tiene un objetivo muy claro: fomentar y desarrollar competencias esenciales para la colaboraci\u00f3n efectiva en los equipos de trabajo, el respeto interpersonal y la comunicaci\u00f3n asertiva, \u201celementos que son tan fundamentales como el conocimiento t\u00e9cnico en cualquier \u00e1mbito profesional, ya que desde cada uno de sus espacios ustedes impactan directamente en la experiencia de quienes hacen uso de los servicios bibliotecarios y, por lo tanto, contribuyen al fortalecimiento del proyecto educativo\u201d.<\/p>\n<p>Por \u00faltimo, Guadalupe Berver asever\u00f3 que las tecnolog\u00edas por s\u00ed solas no transforman espacios: \u201cLo hacen ustedes que, con compromiso, vocaci\u00f3n y sensibilidad convierten a la biblioteca en un espacio de posibilidades, por lo que les invito a que participen activamente, que pregunten, que propongan, que se apropien de este espacio, porque al final del d\u00eda este taller no s\u00f3lo trata de tecnolog\u00edas informacionales, sino de personas que transforman espacios, y esa transformaci\u00f3n comienza con ustedes\u201d.<\/p>\n<p>Estuvieron en el pres\u00eddium: Gerardo C\u00e1rdenas coordinador general de Tecnolog\u00edas de Informaci\u00f3n; Priscilia \u00c1lvarez, directora general de Recursos Humanos y Guillermina Torres, directora general para el Desarrollo Integral.<\/p>\n<p>&nbsp;<\/p>\n","protected":false},"excerpt":{"rendered":"<p>* \u201cSi bien es importante la infraestructura que pueda tener la Universidad, la tecnolog\u00eda o los laboratorios, siempre lo he reiterado: lo m\u00e1s valioso que tiene la Universidad es su gente\u201d. Christian Torres Ortiz, rector. Con el prop\u00f3sito de fortalecer las habilidades y conocimientos del personal adscrito a la Direcci\u00f3n General de Tecnolog\u00edas Informacionales, este&#8230;<\/p>\n","protected":false},"author":2,"featured_media":32880,"comment_status":"closed","ping_status":"open","sticky":false,"template":"","format":"standard","meta":{"footnotes":""},"categories":[14],"tags":[29,30,28],"class_list":["post-32879","post","type-post","status-publish","format-standard","has-post-thumbnail","hentry","category-educacion-y-cultura","tag-grid","tag-news","tag-slider"],"_links":{"self":[{"href":"http:\/\/elobservatorio.com.mx\/index.php?rest_route=\/wp\/v2\/posts\/32879"}],"collection":[{"href":"http:\/\/elobservatorio.com.mx\/index.php?rest_route=\/wp\/v2\/posts"}],"about":[{"href":"http:\/\/elobservatorio.com.mx\/index.php?rest_route=\/wp\/v2\/types\/post"}],"author":[{"embeddable":true,"href":"http:\/\/elobservatorio.com.mx\/index.php?rest_route=\/wp\/v2\/users\/2"}],"replies":[{"embeddable":true,"href":"http:\/\/elobservatorio.com.mx\/index.php?rest_route=%2Fwp%2Fv2%2Fcomments&post=32879"}],"version-history":[{"count":1,"href":"http:\/\/elobservatorio.com.mx\/index.php?rest_route=\/wp\/v2\/posts\/32879\/revisions"}],"predecessor-version":[{"id":32881,"href":"http:\/\/elobservatorio.com.mx\/index.php?rest_route=\/wp\/v2\/posts\/32879\/revisions\/32881"}],"wp:featuredmedia":[{"embeddable":true,"href":"http:\/\/elobservatorio.com.mx\/index.php?rest_route=\/wp\/v2\/media\/32880"}],"wp:attachment":[{"href":"http:\/\/elobservatorio.com.mx\/index.php?rest_route=%2Fwp%2Fv2%2Fmedia&parent=32879"}],"wp:term":[{"taxonomy":"category","embeddable":true,"href":"http:\/\/elobservatorio.com.mx\/index.php?rest_route=%2Fwp%2Fv2%2Fcategories&post=32879"},{"taxonomy":"post_tag","embeddable":true,"href":"http:\/\/elobservatorio.com.mx\/index.php?rest_route=%2Fwp%2Fv2%2Ftags&post=32879"}],"curies":[{"name":"wp","href":"https:\/\/api.w.org\/{rel}","templated":true}]}}