{"id":32882,"date":"2025-08-06T21:35:15","date_gmt":"2025-08-07T03:35:15","guid":{"rendered":"http:\/\/elobservatorio.com.mx\/?p=32882"},"modified":"2025-08-06T21:35:15","modified_gmt":"2025-08-07T03:35:15","slug":"proponen-trabajo-conjunto-udec-y-sexta-region-naval","status":"publish","type":"post","link":"http:\/\/elobservatorio.com.mx\/?p=32882","title":{"rendered":"Proponen trabajo conjunto UdeC y Sexta Regi\u00f3n naval"},"content":{"rendered":"<p>Este mi\u00e9rcoles, el rector de la Universidad de Colima, Christian Torres Ortiz Zerme\u00f1o, recibi\u00f3 en su despacho al comandante de la Sexta Regi\u00f3n Naval, Vicealmirante Jorge V\u00edctor V\u00e1zquez Z\u00e1rate. Durante el encuentro, ambas autoridades tuvieron un di\u00e1logo colaborativo que deriv\u00f3 en acuerdos preliminares para impulsar proyectos conjuntos, enfocados en beneficiar tanto al estado de Colima como a las comunidades que representan.<\/p>\n","protected":false},"excerpt":{"rendered":"<p>Este mi\u00e9rcoles, el rector de la Universidad de Colima, Christian Torres Ortiz Zerme\u00f1o, recibi\u00f3 en su despacho al comandante de la Sexta Regi\u00f3n Naval, Vicealmirante Jorge V\u00edctor V\u00e1zquez Z\u00e1rate. Durante el encuentro, ambas autoridades tuvieron un di\u00e1logo colaborativo que deriv\u00f3 en acuerdos preliminares para impulsar proyectos conjuntos, enfocados en beneficiar tanto al estado de Colima&#8230;<\/p>\n","protected":false},"author":2,"featured_media":32883,"comment_status":"closed","ping_status":"open","sticky":false,"template":"","format":"standard","meta":{"footnotes":""},"categories":[19,14],"tags":[29,30,28],"class_list":["post-32882","post","type-post","status-publish","format-standard","has-post-thumbnail","hentry","category-fotonotas","category-educacion-y-cultura","tag-grid","tag-news","tag-slider"],"_links":{"self":[{"href":"http:\/\/elobservatorio.com.mx\/index.php?rest_route=\/wp\/v2\/posts\/32882"}],"collection":[{"href":"http:\/\/elobservatorio.com.mx\/index.php?rest_route=\/wp\/v2\/posts"}],"about":[{"href":"http:\/\/elobservatorio.com.mx\/index.php?rest_route=\/wp\/v2\/types\/post"}],"author":[{"embeddable":true,"href":"http:\/\/elobservatorio.com.mx\/index.php?rest_route=\/wp\/v2\/users\/2"}],"replies":[{"embeddable":true,"href":"http:\/\/elobservatorio.com.mx\/index.php?rest_route=%2Fwp%2Fv2%2Fcomments&post=32882"}],"version-history":[{"count":1,"href":"http:\/\/elobservatorio.com.mx\/index.php?rest_route=\/wp\/v2\/posts\/32882\/revisions"}],"predecessor-version":[{"id":32884,"href":"http:\/\/elobservatorio.com.mx\/index.php?rest_route=\/wp\/v2\/posts\/32882\/revisions\/32884"}],"wp:featuredmedia":[{"embeddable":true,"href":"http:\/\/elobservatorio.com.mx\/index.php?rest_route=\/wp\/v2\/media\/32883"}],"wp:attachment":[{"href":"http:\/\/elobservatorio.com.mx\/index.php?rest_route=%2Fwp%2Fv2%2Fmedia&parent=32882"}],"wp:term":[{"taxonomy":"category","embeddable":true,"href":"http:\/\/elobservatorio.com.mx\/index.php?rest_route=%2Fwp%2Fv2%2Fcategories&post=32882"},{"taxonomy":"post_tag","embeddable":true,"href":"http:\/\/elobservatorio.com.mx\/index.php?rest_route=%2Fwp%2Fv2%2Ftags&post=32882"}],"curies":[{"name":"wp","href":"https:\/\/api.w.org\/{rel}","templated":true}]}}