{"id":32885,"date":"2025-08-06T22:52:44","date_gmt":"2025-08-07T04:52:44","guid":{"rendered":"http:\/\/elobservatorio.com.mx\/?p=32885"},"modified":"2025-08-06T22:52:44","modified_gmt":"2025-08-07T04:52:44","slug":"voces-de-la-tierra-barro-tradicional-mexicano-para-las-ninas-y-ninos-de-colima","status":"publish","type":"post","link":"http:\/\/elobservatorio.com.mx\/?p=32885","title":{"rendered":"Voces de la tierra, barro tradicional mexicano para las ni\u00f1as y ni\u00f1os de Colima"},"content":{"rendered":"<p><em>* \u201cQueremos que las y los ni\u00f1os se sientan identificados con el legado de los pueblos originarios. Por ello, esta exposici\u00f3n y las actividades que la acompa\u00f1an est\u00e1n pensadas para despertar su curiosidad y conexi\u00f3n con la historia\u201d: Guillermo Bricio.<\/em><\/p>\n<p>Con el objetivo de fomentar entre la infancia el aprecio por las culturas originarias de M\u00e9xico, este viernes 9 de agosto, a las 9:20 de la ma\u00f1ana, el Museo Universitario de Artes Populares (MUAP) de la Universidad de Colima inaugurar\u00e1 la exposici\u00f3n temporal \u201cVoces de la Tierra: barro tradicional mexicano\u201d, como parte de las actividades conmemorativas por el D\u00eda Internacional de los Pueblos Ind\u00edgenas.<\/p>\n<p>La exposici\u00f3n, compuesta por aproximadamente 85 piezas -desde miniaturas de dos cent\u00edmetros hasta figuras de 80 cent\u00edmetros- busca ofrecer a ni\u00f1as y ni\u00f1os una experiencia inmersiva que combine arte, historia y tradici\u00f3n. La elecci\u00f3n del horario matutino responde al inter\u00e9s del museo por involucrar activamente a estudiantes de nivel preescolar y primaria en actividades culturales dise\u00f1adas especialmente para ellos.<\/p>\n<p>Estas acciones forman parte del programa educativo y cultural <strong>Ra\u00edces Vivas<\/strong>, que tiene como prop\u00f3sito difundir el conocimiento y la riqueza cultural de los pueblos originarios a trav\u00e9s de exposiciones, talleres, visitas guiadas, presentaciones literarias, conciertos y charlas acad\u00e9micas.<\/p>\n<p>En entrevista, Jaime Guillermo Bricio Barrios, director del MUAP, explic\u00f3 que <strong>Ra\u00edces Vivas<\/strong> busca principalmente acercar a las infancias a las ra\u00edces culturales del pa\u00eds: \u201cQueremos que las y los ni\u00f1os se sientan identificados con el legado de los pueblos originarios. Por ello, esta exposici\u00f3n y las actividades que la acompa\u00f1an est\u00e1n pensadas para despertar su curiosidad y conexi\u00f3n con la historia\u201d.<\/p>\n<p>Durante el mes de agosto, los d\u00edas martes y jueves a partir de las 9:30 de la ma\u00f1ana, el museo invita a grupos escolares de nivel preescolar y primaria a participar en recorridos guiados y talleres especiales. A partir de septiembre, las escuelas interesadas podr\u00e1n agendar su visita a trav\u00e9s de las redes sociales del museo o al tel\u00e9fono (312) 316 11 26.<\/p>\n<p>La visita incluye un recorrido guiado por la sala de exposiciones temporales, un taller de cer\u00e1mica, un espacio de apreciaci\u00f3n musical con instrumentos tradicionales, y una actividad dedicada a la cultura y lengua n\u00e1huatl, donde se resalta el valor de la tradici\u00f3n oral.<\/p>\n<p>Para enriquecer a\u00fan m\u00e1s esta muestra, el artesano colimense Juan Jes\u00fas R\u00edos -colaborador del MUAP- ha trabajado en la reproducci\u00f3n de piezas prehisp\u00e1nicas que actualmente se encuentran en colecciones privadas o en el extranjero, lo que impide su exhibici\u00f3n en el pa\u00eds. \u201cNos dimos a la tarea de recrear algunas de estas piezas, respetando las t\u00e9cnicas originales y adapt\u00e1ndolas ligeramente con nuestro propio sello, ya que el INAH no permite r\u00e9plicas exactas. As\u00ed, logramos piezas que conservan su esencia cultural\u201d, explic\u00f3.<\/p>\n<p>R\u00edos destac\u00f3 la importancia de este trabajo para las nuevas generaciones: \u201cReplicar estas piezas permite que ni\u00f1as, ni\u00f1os y j\u00f3venes conozcan de primera mano el valor de nuestras artesan\u00edas y tradiciones. Es una forma de sembrar conciencia y orgullo por lo que somos\u201d.<\/p>\n","protected":false},"excerpt":{"rendered":"<p>* \u201cQueremos que las y los ni\u00f1os se sientan identificados con el legado de los pueblos originarios. Por ello, esta exposici\u00f3n y las actividades que la acompa\u00f1an est\u00e1n pensadas para despertar su curiosidad y conexi\u00f3n con la historia\u201d: Guillermo Bricio. Con el objetivo de fomentar entre la infancia el aprecio por las culturas originarias de&#8230;<\/p>\n","protected":false},"author":2,"featured_media":32886,"comment_status":"closed","ping_status":"open","sticky":false,"template":"","format":"standard","meta":{"footnotes":""},"categories":[14],"tags":[29,30,28],"class_list":["post-32885","post","type-post","status-publish","format-standard","has-post-thumbnail","hentry","category-educacion-y-cultura","tag-grid","tag-news","tag-slider"],"_links":{"self":[{"href":"http:\/\/elobservatorio.com.mx\/index.php?rest_route=\/wp\/v2\/posts\/32885"}],"collection":[{"href":"http:\/\/elobservatorio.com.mx\/index.php?rest_route=\/wp\/v2\/posts"}],"about":[{"href":"http:\/\/elobservatorio.com.mx\/index.php?rest_route=\/wp\/v2\/types\/post"}],"author":[{"embeddable":true,"href":"http:\/\/elobservatorio.com.mx\/index.php?rest_route=\/wp\/v2\/users\/2"}],"replies":[{"embeddable":true,"href":"http:\/\/elobservatorio.com.mx\/index.php?rest_route=%2Fwp%2Fv2%2Fcomments&post=32885"}],"version-history":[{"count":1,"href":"http:\/\/elobservatorio.com.mx\/index.php?rest_route=\/wp\/v2\/posts\/32885\/revisions"}],"predecessor-version":[{"id":32887,"href":"http:\/\/elobservatorio.com.mx\/index.php?rest_route=\/wp\/v2\/posts\/32885\/revisions\/32887"}],"wp:featuredmedia":[{"embeddable":true,"href":"http:\/\/elobservatorio.com.mx\/index.php?rest_route=\/wp\/v2\/media\/32886"}],"wp:attachment":[{"href":"http:\/\/elobservatorio.com.mx\/index.php?rest_route=%2Fwp%2Fv2%2Fmedia&parent=32885"}],"wp:term":[{"taxonomy":"category","embeddable":true,"href":"http:\/\/elobservatorio.com.mx\/index.php?rest_route=%2Fwp%2Fv2%2Fcategories&post=32885"},{"taxonomy":"post_tag","embeddable":true,"href":"http:\/\/elobservatorio.com.mx\/index.php?rest_route=%2Fwp%2Fv2%2Ftags&post=32885"}],"curies":[{"name":"wp","href":"https:\/\/api.w.org\/{rel}","templated":true}]}}