{"id":32888,"date":"2025-08-06T23:24:52","date_gmt":"2025-08-07T05:24:52","guid":{"rendered":"http:\/\/elobservatorio.com.mx\/?p=32888"},"modified":"2025-08-06T23:25:51","modified_gmt":"2025-08-07T05:25:51","slug":"si-nos-midieran-con-la-misma-vara-tu-ya-estarias-en-la-carcel-alejandro-moreno-a-adan-augusto","status":"publish","type":"post","link":"http:\/\/elobservatorio.com.mx\/?p=32888","title":{"rendered":"\u00abSi nos midieran con la misma vara , t\u00fa ya estar\u00edas en la c\u00e1rcel\u00bb, Alejandro Moreno a Ad\u00e1n Augusto"},"content":{"rendered":"<p><em>\u2022 Al sumarse a la demanda al ex gobernador de Tabasco para que se separe del Senado, el Presidente Nacional del PRI aclar\u00f3: \u201cYo no estoy acusado de violentar la paz ni de atentar contra la armon\u00eda del pueblo de M\u00e9xico\u201d.<\/em><\/p>\n<p><em>\u2022 Asever\u00f3 que no cejar\u00e1 en la lucha de denunciar a los pol\u00edticos de Morena vinculados con el crimen organizado, \u201cporque no podemos permitir que ustedes destruyan el r\u00e9gimen democr\u00e1tico\u201d.<\/em><\/p>\n<p>\u201cSi nos midieran con la misma vara, a ti y a m\u00ed, por todo lo que me han inventado, t\u00fa ya estar\u00edas en la c\u00e1rcel\u201d, advirti\u00f3 categ\u00f3rico el Presidente del Comit\u00e9 Ejecutivo Nacional (CEN) del Partido Revolucionario Institucional (PRI), Alejandro Moreno, al senador y ex gobernador de Tabasco, Ad\u00e1n Augusto L\u00f3pez Hern\u00e1ndez, a quien, de paso, le aclar\u00f3 que, a diferencia de \u00e9l, \u201cyo no estoy acusado de violentar la paz ni de atentar contra la armon\u00eda del pueblo de M\u00e9xico\u201d.<\/p>\n<p>Desde la tribuna de la Comisi\u00f3n Permanente del Congreso, el senador y dirigente nacional del tricolor le precis\u00f3 al tambi\u00e9n coordinador de Morena en el Senado que tampoco tiene se\u00f1alamientos por v\u00ednculos con el crimen organizado. \u201cJam\u00e1s tuve a un solo funcionario relacionado con el crimen. Ese es el verdadero fondo del asunto\u201d, expres\u00f3.<\/p>\n<p>Durante el debate en torno a la exigencia de que L\u00f3pez Hern\u00e1ndez renuncie al Senado, por sus v\u00ednculos con el crimen organizado, el dirigente nacional del PRI confirm\u00f3 que personalmente interpuso una denuncia ante la Fiscal\u00eda General de la Rep\u00fablica (FGR) en contra de pol\u00edticos de Morena -incluido el ex gobernador de Tabasco-, porque, asegur\u00f3, \u201cen este pa\u00eds debemos dejar a un lado la cobard\u00eda y tener car\u00e1cter y valent\u00eda\u201d.<\/p>\n<p>Sostuvo que el asunto ni es personal, ni es con la Presidenta. El asunto, agreg\u00f3, es por M\u00e9xico, porque \u201chay se\u00f1alamientos a nivel mundial y medios nacionales e internacionales consignan la denuncia\u201d.<\/p>\n<p>En ese marco, el Presidente Alejandro Moreno ratific\u00f3 que a diferencia suya, que ha sido perseguido pol\u00edtico en los \u00faltimos seis a\u00f1os, Ad\u00e1n Augusto L\u00f3pez Hern\u00e1ndez, est\u00e1 acusado de defender y proteger al crimen organizado -nosotros presentamos las denuncias-, y la autoridad tiene que investigar. Yo no estoy acusado de ello\u201d.<\/p>\n<p>A los legisladores de Morena les exigi\u00f3 que \u201cno sean cobardes no utilicen el gobierno para acallar a los opositores\u201d, y se\u00f1al\u00f3 que \u201cpor eso, los fuimos a denunciar no solo aqu\u00ed, a nivel internacional\u201d.<\/p>\n<p>Inform\u00f3 que no cejar\u00e1 en la lucha de denunciarlos, \u201cporque no podemos permitir que ustedes destruyan el r\u00e9gimen democr\u00e1tico. Ayuden a su Presidenta. Est\u00e1 en un l\u00edo en la relaci\u00f3n comercial. Defi\u00e9ndanla y ay\u00fadenla\u201d. Asegur\u00f3 que \u201ceste es un tema de pa\u00eds. No es un tema personal\u201d.<\/p>\n<p>En respuesta a Alfonso Ram\u00edrez Cu\u00e9llar y Leonel Godoy, que tomaron con sorna las cr\u00edticas y amagaron con llevar adelante su caso ante la Secci\u00f3n Instructora, el senador y l\u00edder nacional del PRI les precis\u00f3 que \u201cesto no es un show, es un tema delicad\u00edsimo para M\u00e9xico\u201d.<\/p>\n<p>Adem\u00e1s, indic\u00f3 que \u201cnosotros venimos a dar la cara y a enfrentar lo que ha acontecido en este pa\u00eds: Asesinatos, ejecuciones. Jam\u00e1s lo hab\u00edamos visto en M\u00e9xico. Por eso no podemos hacer caso omiso\u201d.<\/p>\n<p>Les lanz\u00f3 a los legisladores de Morena que \u201cel c\u00ednico y el hip\u00f3crita, no s\u00f3lo de Andr\u00e9s Manuel L\u00f3pez Obrador, de Andy L\u00f3pez Beltr\u00e1n, les dej\u00f3 en rid\u00edculo a todos ustedes. La hipocres\u00eda, la corrupci\u00f3n, los negocios, el huachicol, eso lo vamos a seguir denunciando, con todo el \u00e1nimo, con toda la fuerza de nuestro coraje y de nuestro coraz\u00f3n\u201d.<\/p>\n<p>Inform\u00f3 que con los m\u00e1s de 220 mil homicidios, m\u00e1s de 125 mil desaparecidos y los m\u00e1s de 800 mil muertos por el COVID-19 debido al criminal Hugo L\u00f3pez-Gatell, \u201clos vamos a denunciar, y no nos amedrentan\u201d.<\/p>\n<p>Hizo un llamado al pueblo de M\u00e9xico y a los legisladores a cerrar filas, para no permitir que queden impunes quienes est\u00e1n se\u00f1alados por tener v\u00ednculos con el crimen organizado.<\/p>\n","protected":false},"excerpt":{"rendered":"<p>\u2022 Al sumarse a la demanda al ex gobernador de Tabasco para que se separe del Senado, el Presidente Nacional del PRI aclar\u00f3: \u201cYo no estoy acusado de violentar la paz ni de atentar contra la armon\u00eda del pueblo de M\u00e9xico\u201d. \u2022 Asever\u00f3 que no cejar\u00e1 en la lucha de denunciar a los pol\u00edticos de&#8230;<\/p>\n","protected":false},"author":2,"featured_media":32889,"comment_status":"closed","ping_status":"open","sticky":false,"template":"","format":"standard","meta":{"footnotes":""},"categories":[10],"tags":[29,30,28],"class_list":["post-32888","post","type-post","status-publish","format-standard","has-post-thumbnail","hentry","category-politica","tag-grid","tag-news","tag-slider"],"_links":{"self":[{"href":"http:\/\/elobservatorio.com.mx\/index.php?rest_route=\/wp\/v2\/posts\/32888"}],"collection":[{"href":"http:\/\/elobservatorio.com.mx\/index.php?rest_route=\/wp\/v2\/posts"}],"about":[{"href":"http:\/\/elobservatorio.com.mx\/index.php?rest_route=\/wp\/v2\/types\/post"}],"author":[{"embeddable":true,"href":"http:\/\/elobservatorio.com.mx\/index.php?rest_route=\/wp\/v2\/users\/2"}],"replies":[{"embeddable":true,"href":"http:\/\/elobservatorio.com.mx\/index.php?rest_route=%2Fwp%2Fv2%2Fcomments&post=32888"}],"version-history":[{"count":2,"href":"http:\/\/elobservatorio.com.mx\/index.php?rest_route=\/wp\/v2\/posts\/32888\/revisions"}],"predecessor-version":[{"id":32891,"href":"http:\/\/elobservatorio.com.mx\/index.php?rest_route=\/wp\/v2\/posts\/32888\/revisions\/32891"}],"wp:featuredmedia":[{"embeddable":true,"href":"http:\/\/elobservatorio.com.mx\/index.php?rest_route=\/wp\/v2\/media\/32889"}],"wp:attachment":[{"href":"http:\/\/elobservatorio.com.mx\/index.php?rest_route=%2Fwp%2Fv2%2Fmedia&parent=32888"}],"wp:term":[{"taxonomy":"category","embeddable":true,"href":"http:\/\/elobservatorio.com.mx\/index.php?rest_route=%2Fwp%2Fv2%2Fcategories&post=32888"},{"taxonomy":"post_tag","embeddable":true,"href":"http:\/\/elobservatorio.com.mx\/index.php?rest_route=%2Fwp%2Fv2%2Ftags&post=32888"}],"curies":[{"name":"wp","href":"https:\/\/api.w.org\/{rel}","templated":true}]}}