{"id":3300,"date":"2019-03-21T03:25:05","date_gmt":"2019-03-21T03:25:05","guid":{"rendered":"http:\/\/elobservatorio.com.mx\/presentan-revista-%e2%80%9cgeneros%e2%80%9dque-reflexiona-sobre-la-vejez"},"modified":"2019-03-21T03:25:05","modified_gmt":"2019-03-21T03:25:05","slug":"presentan-revista-%e2%80%9cgeneros%e2%80%9dque-reflexiona-sobre-la-vejez","status":"publish","type":"post","link":"http:\/\/elobservatorio.com.mx\/?p=3300","title":{"rendered":"Presentan Revista \u201cG\u00e9nEros\u201d,que reflexiona sobre la vejez"},"content":{"rendered":"<p><em>*Las expertas Florencia Preciado y Elena Garc\u00eda comentaron el n\u00famero m\u00e1s reciente de esta publicaci\u00f3n universitaria.<\/em><\/p>\n<p>Calidad de vida y sostenibilidad son los temas que aborda la m\u00e1s reciente edici\u00f3n de la revista de investigaci\u00f3n y divulgaci\u00f3n G\u00e9nEros, coeditada por la Asociaci\u00f3n Colimense de Universitarias A.C. (ACU) y el Centro Universitario de Estudios de G\u00e9nero (CUEG) de la UdeC.<\/p>\n<p>En el n\u00famero 25 de la segunda \u00e9poca, se podr\u00e1n conocer las vivencias de mujeres en diversos temas, como son las pioneras en la consolidaci\u00f3n de sus viviendas y su entorno urbano a mediados del siglo XX, o los cambios que experimentaron mujeres reclusas en las Islas Mar\u00edas al pasar de colonia penal a complejo penitenciario.<\/p>\n<p>Tambi\u00e9n se pueden leer los hallazgos de violencia de g\u00e9nero, discriminaci\u00f3n y reproducci\u00f3n de estereotipos entre los artistas circenses, as\u00ed como vivencias de un grupo de mujeres adultas mayores que practican Tai Chi Chuan para recibir y bien vivir la vejez, entre otros temas.<\/p>\n<p>De libre acceso y consulta en el enlace: <em>revistasacademicas.ucol.mx<\/em>, G\u00e9nEros 25 contiene en esta ocasi\u00f3n siete art\u00edculos de investigaci\u00f3n, uno de divulgaci\u00f3n, uno m\u00e1s de arte y dos rese\u00f1as. La edici\u00f3n fue coordinada por Ana Gabriela Herrera Ramos y su equipo editorial, integrado por Elisa Ramos Jim\u00e9nez y Carlos P\u00e9rez Contreras.<\/p>\n<p>Para comentarla, la ACU y el CUEG invitaron a la profesora investigadora de la Facultad de Pedagog\u00eda, Florencia Preciado Cort\u00e9s y a la doctora en Educaci\u00f3n, Mar\u00eda Elena Garc\u00eda Rivera, quienes se reunieron en el auditorio del Bachillerato 4 del campus Villa de \u00c1lvarez y contaron con la asistencia de estudiantes de la Facultad de Pedagog\u00eda.<\/p>\n<p>En su turno, Florencia Preciado destac\u00f3 el art\u00edculo de investigaci\u00f3n titulado \u201c<a href=\"http:\/\/revistasacademicas.ucol.mx\/index.php\/generos\/article\/view\/1609\" target=\"_blank\" rel=\"noopener\">Mujeres modernas construyendo hogares: pioneras en la consolidaci\u00f3n de la vivienda y su entorno urbano en M\u00e9rida, Yucat\u00e1n, M\u00e9xico<\/a>\u201d, de Mar\u00eda Elena Torres P\u00e9rez.<\/p>\n<p>El estudio, situado a mediados del siglo XX, coment\u00f3 la investigadora, muestra la participaci\u00f3n femenina en la consolidaci\u00f3n del primer caso de vivienda en serie en M\u00e9rida, en la colonia Miguel Alem\u00e1n: \u201cEl papel de las mujeres en la gesti\u00f3n de mejoras para el equipamiento de la casa y colonia procur\u00f3 mejores condiciones de vida familiar\u201d, afirm\u00f3.<\/p>\n<p>Relat\u00f3 que dichas mujeres se organizaron y planificaron hasta lograr su meta: la consolidaci\u00f3n de la calidad urbana en su colonia. El art\u00edculo afirma que hoy en d\u00eda es una de las mejores colonias.<\/p>\n<p>Por su parte, Mar\u00eda Elena Garc\u00eda, quien actualmente es la representante de la Coordinaci\u00f3n Nacional de Becas \u201cBenito Ju\u00e1rez\u201d (antes Prospera), coment\u00f3 los art\u00edculos que tienen que ver con la edad adulta: \u201cMe identifico porque estoy disfrutando esa edad\u201d, dijo.<\/p>\n<p>En particular, se\u00f1al\u00f3 la investigaci\u00f3n de Ang\u00e9lica Mar\u00eda Razo Gonz\u00e1lez, Ricardo D\u00edaz Castillo y Ricardo Morales Rossell titulada \u201c<a href=\"http:\/\/revistasacademicas.ucol.mx\/index.php\/generos\/article\/view\/1668\" target=\"_blank\" rel=\"noopener\">Diferencias de g\u00e9nero en el significado psicol\u00f3gico de la calidad de vida en un grupo de personas adultas mayores<\/a>\u201d.<\/p>\n<p>Mar\u00eda Elena Garc\u00eda dijo que el estudio se hizo con 63 mujeres y 43 hombres de 60 a\u00f1os y m\u00e1s, de quienes, mediante la t\u00e9cnica de redes sem\u00e1nticas, se concluy\u00f3 que ellas perciben la calidad de vida dentro de conceptos como \u201cfelicidad\u201d y \u201ccuidar\u201d, y para ellos significa \u201cconvivir\u201d, \u201camigos\u201d y \u201cseguridad de la vivienda\u201d.<\/p>\n<p>Coment\u00f3 que la investigaci\u00f3n afirma que el g\u00e9nero permea las conductas de hombres y mujeres en todas las edades, pues proviene de actitudes culturales arraigadas y conductas aprendidas, y tambi\u00e9n refleja su pensamiento y manera de actuar.<\/p>\n<p>Para ella, estos resultados demuestran que \u201clos adultos mayores tenemos la oportunidad de dejar estereotipos, desarrollarnos como seres integrales y no quedarnos en las pr\u00e1cticas de g\u00e9nero milenarias\u201d.<\/p>\n<p>Asimismo, habl\u00f3 de la investigaci\u00f3n de Aurelia Flores Hern\u00e1ndez titulada \u201c<a href=\"http:\/\/revistasacademicas.ucol.mx\/index.php\/generos\/article\/view\/1658\" target=\"_blank\" rel=\"noopener\">Tai Chi Chuan: pr\u00e1ctica milenaria china para el cuidado de s\u00ed. G\u00e9nero y vejez<\/a>\u201d, y del art\u00edculo de divulgaci\u00f3n \u201c<a href=\"http:\/\/revistasacademicas.ucol.mx\/index.php\/generos\/article\/view\/1630\" target=\"_blank\" rel=\"noopener\">Tejedora de nostalgia sobre el deber ser ni\u00f1a<\/a>\u201d, de Maricela Ojeda Guti\u00e9rrez, quien emplea la nostalgia como metodolog\u00eda para recuperar la historia.<\/p>\n<p>Tambi\u00e9n destac\u00f3 el trabajo art\u00edstico \u201c<a href=\"http:\/\/revistasacademicas.ucol.mx\/index.php\/generos\/article\/view\/1677\" target=\"_blank\" rel=\"noopener\">\u00c1rbol muerto como nido de nueva vida\u201d, de la artista pl\u00e1stica originaria de Jalisco, Daniela Ramos Mayorga<\/a>.<\/p>\n<p>Cabe destacar que la Revista \u201cG\u00e9nEros\u201d forma parte de la base de datos del Sistema Regional de Informaci\u00f3n en L\u00ednea para Revistas Cient\u00edficas de Am\u00e9rica Latina, el Caribe, Espa\u00f1a y Portugal (LATINDEX).<\/p>\n<p>&nbsp;<\/p>\n","protected":false},"excerpt":{"rendered":"<p>*Las expertas Florencia Preciado y Elena Garc\u00eda comentaron el n\u00famero m\u00e1s reciente de esta publicaci\u00f3n universitaria. Calidad de vida y sostenibilidad son los temas que aborda la m\u00e1s reciente edici\u00f3n de la revista de investigaci\u00f3n y divulgaci\u00f3n G\u00e9nEros, coeditada por la Asociaci\u00f3n Colimense de Universitarias A.C. (ACU) y el Centro Universitario de Estudios de G\u00e9nero&#8230;<\/p>\n","protected":false},"author":2,"featured_media":3301,"comment_status":"open","ping_status":"open","sticky":false,"template":"","format":"standard","meta":{"footnotes":""},"categories":[14],"tags":[29,30,28],"class_list":["post-3300","post","type-post","status-publish","format-standard","has-post-thumbnail","hentry","category-educacion-y-cultura","tag-grid","tag-news","tag-slider"],"_links":{"self":[{"href":"http:\/\/elobservatorio.com.mx\/index.php?rest_route=\/wp\/v2\/posts\/3300"}],"collection":[{"href":"http:\/\/elobservatorio.com.mx\/index.php?rest_route=\/wp\/v2\/posts"}],"about":[{"href":"http:\/\/elobservatorio.com.mx\/index.php?rest_route=\/wp\/v2\/types\/post"}],"author":[{"embeddable":true,"href":"http:\/\/elobservatorio.com.mx\/index.php?rest_route=\/wp\/v2\/users\/2"}],"replies":[{"embeddable":true,"href":"http:\/\/elobservatorio.com.mx\/index.php?rest_route=%2Fwp%2Fv2%2Fcomments&post=3300"}],"version-history":[{"count":0,"href":"http:\/\/elobservatorio.com.mx\/index.php?rest_route=\/wp\/v2\/posts\/3300\/revisions"}],"wp:featuredmedia":[{"embeddable":true,"href":"http:\/\/elobservatorio.com.mx\/index.php?rest_route=\/wp\/v2\/media\/3301"}],"wp:attachment":[{"href":"http:\/\/elobservatorio.com.mx\/index.php?rest_route=%2Fwp%2Fv2%2Fmedia&parent=3300"}],"wp:term":[{"taxonomy":"category","embeddable":true,"href":"http:\/\/elobservatorio.com.mx\/index.php?rest_route=%2Fwp%2Fv2%2Fcategories&post=3300"},{"taxonomy":"post_tag","embeddable":true,"href":"http:\/\/elobservatorio.com.mx\/index.php?rest_route=%2Fwp%2Fv2%2Ftags&post=3300"}],"curies":[{"name":"wp","href":"https:\/\/api.w.org\/{rel}","templated":true}]}}