{"id":3306,"date":"2019-03-21T03:40:19","date_gmt":"2019-03-21T03:40:19","guid":{"rendered":"http:\/\/elobservatorio.com.mx\/albergara-colima-tres-deportes-en-la-etapa-regional-de-la-olimpiada-nacional"},"modified":"2019-03-21T03:40:19","modified_gmt":"2019-03-21T03:40:19","slug":"albergara-colima-tres-deportes-en-la-etapa-regional-de-la-olimpiada-nacional","status":"publish","type":"post","link":"http:\/\/elobservatorio.com.mx\/?p=3306","title":{"rendered":"Albergar\u00e1 Colima tres deportes en la etapa regional de la Olimpiada Nacional"},"content":{"rendered":"<p class=\"x_MsoNormal\"><em>*Del 21 al 24 de marzo del 2019, en las disciplinas de boxeo, futbol femenil y taekwondo<\/em><\/p>\n<p class=\"x_MsoNormal\">Colima ser\u00e1 sede de boxeo, futbol femenil y taekwondo, durante la etapa Regional de la Olimpiada Nacional y Nacional Juvenil 2019, que se realizar\u00e1 del 21 al 24 de marzo, inform\u00f3 la directora del Instituto Colimense del Deporte, Ciria Salazar.<\/p>\n<p class=\"x_MsoNormal\">Detall\u00f3 que el boxeo se desarrollar\u00e1 en el Auditorio Porfirio Guti\u00e9rrez Romero, de las 12:00 a las 19:00 horas, a partir del viernes 22 de marzo. El jueves 21, ser\u00e1 junta previa a las 18:00 horas en el Incode y, el examen m\u00e9dico a las 19:00 horas en el auditorio. Este deporte se realizar\u00e1 hasta el domingo 24.<\/p>\n<p class=\"x_MsoNormal\">El futbol femenil, se desarrollar\u00e1 en dos escenarios deportivos: en la categor\u00eda 2005-2006, en el estadio Colima, ubicado en la colonia Albarrada y la categor\u00eda 2003-2004, en la Unidad Deportiva Morelos.<\/p>\n<p class=\"x_MsoNormal\">Asimismo, el taekwondo tendr\u00e1 su regional en el Auditorio Multifuncional de la Unidad Deportiva Morelos, a las 16:00 horas del jueves 21 de marzo con la modalidad de formas; mientras que los d\u00edas 22 y 23 de este mes se llevar\u00e1n a cabo los combates, desde las 9:00 horas, en las categor\u00edas infantil, cadetes, junior y sub21, en las dos ramas.<\/p>\n<p class=\"x_MsoNormal\">Cabe destacar que tambi\u00e9n se estar\u00e1 llevando a cabo los deportes de basquetbol 3X3, en el estado de Nayarit y el patinaje en el estado de Jalisco, del 21 al 24 de marzo, en donde Colima tendr\u00e1 participaci\u00f3n.<\/p>\n","protected":false},"excerpt":{"rendered":"<p>*Del 21 al 24 de marzo del 2019, en las disciplinas de boxeo, futbol femenil y taekwondo Colima ser\u00e1 sede de boxeo, futbol femenil y taekwondo, durante la etapa Regional de la Olimpiada Nacional y Nacional Juvenil 2019, que se realizar\u00e1 del 21 al 24 de marzo, inform\u00f3 la directora del Instituto Colimense del Deporte,&#8230;<\/p>\n","protected":false},"author":2,"featured_media":3307,"comment_status":"open","ping_status":"open","sticky":false,"template":"","format":"standard","meta":{"footnotes":""},"categories":[21],"tags":[29,30,28],"class_list":["post-3306","post","type-post","status-publish","format-standard","has-post-thumbnail","hentry","category-deportes","tag-grid","tag-news","tag-slider"],"_links":{"self":[{"href":"http:\/\/elobservatorio.com.mx\/index.php?rest_route=\/wp\/v2\/posts\/3306"}],"collection":[{"href":"http:\/\/elobservatorio.com.mx\/index.php?rest_route=\/wp\/v2\/posts"}],"about":[{"href":"http:\/\/elobservatorio.com.mx\/index.php?rest_route=\/wp\/v2\/types\/post"}],"author":[{"embeddable":true,"href":"http:\/\/elobservatorio.com.mx\/index.php?rest_route=\/wp\/v2\/users\/2"}],"replies":[{"embeddable":true,"href":"http:\/\/elobservatorio.com.mx\/index.php?rest_route=%2Fwp%2Fv2%2Fcomments&post=3306"}],"version-history":[{"count":0,"href":"http:\/\/elobservatorio.com.mx\/index.php?rest_route=\/wp\/v2\/posts\/3306\/revisions"}],"wp:featuredmedia":[{"embeddable":true,"href":"http:\/\/elobservatorio.com.mx\/index.php?rest_route=\/wp\/v2\/media\/3307"}],"wp:attachment":[{"href":"http:\/\/elobservatorio.com.mx\/index.php?rest_route=%2Fwp%2Fv2%2Fmedia&parent=3306"}],"wp:term":[{"taxonomy":"category","embeddable":true,"href":"http:\/\/elobservatorio.com.mx\/index.php?rest_route=%2Fwp%2Fv2%2Fcategories&post=3306"},{"taxonomy":"post_tag","embeddable":true,"href":"http:\/\/elobservatorio.com.mx\/index.php?rest_route=%2Fwp%2Fv2%2Ftags&post=3306"}],"curies":[{"name":"wp","href":"https:\/\/api.w.org\/{rel}","templated":true}]}}