{"id":3309,"date":"2019-03-21T05:05:11","date_gmt":"2019-03-21T05:05:11","guid":{"rendered":"http:\/\/elobservatorio.com.mx\/liderazgos-morenistas-no-valorados"},"modified":"2019-03-21T05:12:20","modified_gmt":"2019-03-21T05:12:20","slug":"liderazgos-morenistas-no-valorados","status":"publish","type":"post","link":"http:\/\/elobservatorio.com.mx\/?p=3309","title":{"rendered":"LIDERAZGOS MORENISTAS (NO) VALORADOS"},"content":{"rendered":"<p><strong>Observador Pol\u00edtico<\/strong><\/p>\n<p>Belisario Romero S\u00e1nchez<\/p>\n<p>Desde que la ola amloista meti\u00f3 a cobrar a las \u00a0n\u00f3minas del erario p\u00fablico \u00a0a muchos candidatos que participaron en la coalici\u00f3n \u201cJuntos haremos historia\u201d, que se colgaron de la popularidad del tabasque\u00f1o y que de ser unos \u201cDon nadie\u201d, hoy son representantes populares que salieron igual a los pol\u00edticos prianistas, a los \u00a0que tanto criticaron y hoy\u00a0 estos morenos salieron peores; pues \u00a0llegaron y salieron muy hambreados<\/p>\n<p>Pero como dice el presidente de M\u00e9xico Andr\u00e9s Manuel L\u00f3pez Obrador, \u201cque el pueblo manda, el pueblo quita y el pueblo pone\u201d, precisamente en Colima a esta nueva casta pol\u00edtica de morenos, desde que decidieron incumplir las promesas, se les apareci\u00f3 el pueblo para exigirles que cumplan, que no sean malagradecidos con el pueblo ni con Andr\u00e9s Manuel L\u00f3pez Obrador, que gracias a \u00e9l est\u00e1n c\u00f3modamente cobrando jugosos salarios.<\/p>\n<p>Como MORENA en Colima no figuraba antes de las elecciones del 1 de Julio del 2018, no hab\u00eda liderazgos ni representatividad pol\u00edtica en los barrios y colonias, por ello quienes \u00a0se adjudicaban ser fundadores del movimiento de MORENA, ten\u00edan cierta influencia en la designaci\u00f3n de candidatos, fue as\u00ed pues, como en su mayor\u00eda debido a la necesidad econ\u00f3mica por la que atravesaban fueron tentados por el dinero y cayeron en trampa metiendo como candidatos a gente impuesta por ex gobernadores priistas, como Fernando Moreno y Mario Anguiano y, actualmente estamos viendo las consecuencias, un congreso del estado atorado en pleitos y ambiciones, sin avances, mucho menos vemos \u00a0que se haya castigado a alg\u00fan funcionario o ex funcionario por desv\u00edo de recursos( esto tambi\u00e9n fue otro compromiso de campa\u00f1a).<\/p>\n<p>Y como le est\u00e1n dando largas a su verdadero compromiso; siendo el principal la reducci\u00f3n del sueldo, tuvieron que intervenir verdaderos liderazgos de MORENA que estuvieron por un tiempo esperando que a quienes llevaron al poder cumplieran su palabra, pero al ver que se corr\u00eda el riesgo de que la mayor\u00eda hist\u00f3rica tend\u00eda a desaparecer debido a que tres de 16 diputados que llegaron por la coalici\u00f3n ya hab\u00edan brincado a otro partido, era urgente intervenir a trav\u00e9s de movilizaciones para exigir lo antes dicho.<\/p>\n<p>Incluso todos creyeron que el haber designado a Vla, Vla, Vladimir Jarra como presidente de la comisi\u00f3n de gobierno interno habr\u00eda mejor rumbo, las cosas se har\u00edan mejor, sin embargo, s\u00f3lo lleg\u00f3 a legitimar la ambici\u00f3n y a cumplir los compromisos de quienes fueron y son sus verdaderos padrinos, a seguir las ordenes de Nacho Peralta y el PRI.<\/p>\n<p>Estas acciones han molestado a una parte importante de MORENA, y han salido a las calles a protestar (cosa que no ha hecho Sergio Jim\u00e9nez Bojado, l\u00edder estatal de MORENA porque tambi\u00e9n tiene compromisos con Nacho y el PRI), han tomado el congreso, han abucheado a los diputados traidores que se han ganado a pulso el repudio de la sociedad, manifestaciones que hacen para reclamarles y exigirles que se bajen el sueldo.<\/p>\n<p>Hoy estos liderazgos que no hab\u00edan sido valorados pol\u00edticamente ya est\u00e1n llamando la atenci\u00f3n(los medios oficialistas \u00a0no les dan espacios porque no tienen recursos para comprarlos y los llaman agitadores o revoltosos), suena por ejemplo el nombre del abogado D\u00edaz Torrej\u00f3n, Ana Silvia Guardado, Ismael Rodr\u00edguez, etc, etc, todos con constancia de trabajo pol\u00edtico y \u00a0movilizaci\u00f3n para el triunfo de AMLO, liderazgos que se est\u00e1n ganando el reconocimiento de la sociedad por su valent\u00eda y perseverancia en una lucha que es de todos y a favor de los colimenses.<\/p>\n<p>Estas voces ya est\u00e1n haciendo eco y gracias a que se han levantado para desenmascarar a sus diputados traidores, gracias a ello, la gente de Colima que vot\u00f3 por un cambio verdadero se est\u00e1n dando cuenta que en Colima fueron nuevamente enga\u00f1ados y si no cumplen sus promesas seguir\u00e1n siendo exhibidos para que en el 2021 se les de su debut y despedida. No es lo mismo estar alardeando desde las redes sociales a salir a las calles a defender un triunfo y quienes lo han hecho, ya\u00a0 todo Colima les est\u00e1 viendo ese trabajo que hacen\u00a0 a favor de la sociedad, en donde pese a que les los han querido centavear o acusarlos de centaveros no han ca\u00eddo en la trampa.<\/p>\n<p><strong>BAJO LA LUPA<\/strong><\/p>\n<p>*En Tecom\u00e1n, el ciudadano Ismael Rodr\u00edguez con recursos propios ha emprendido una lucha para que el alcalde El\u00edas Lozano Ochoa y su mayor\u00eda de regidores que llegaron por MORENA no se olviden del compromiso que hicieron en campa\u00f1a, de reducirse el sueldo. Con la reducci\u00f3n se tendr\u00eda un ahorro importante mensualmente \u00a0y se podr\u00edan adquirir hasta una patrulla por mes y surtir de medicamentos e instalar una farmacia popular. Se puede lograr, si ya se logr\u00f3 que ganara MORENA, \u00a0que no se logre ese anhelado sue\u00f1o de que todos los de la 4ta Trasformaci\u00f3n se sometan al plan de austeridad republicana impulsada por L\u00f3pez Obrador.<\/p>\n<p>*A falta de tacto y oficio pol\u00edtico, mezclado con un poco de soberbia e ignorancia, los alcaldes morenos de Manzanillo Griselda Mart\u00ednez y en Tecom\u00e1n, El\u00edas Lozano ya perdieron mayor\u00eda en sus cabildos. En Manzanillo se conform\u00f3 un frente plural \u201cLo importante es Manzanillo\u201d en donde lideran dos grandes conocedores de la pol\u00edtica porte\u00f1a, la regidora Marta Sosa y el regidor Virgilio Mendoza, as\u00ed como regidores de MORENA y dos diputados locales. Mientras que en Tecom\u00e1n se unieron regidores de MORENA, una regidora del PRI-VERDE, uno del PAN haciendo mayor\u00eda, a esta uni\u00f3n la nombraron \u201cJuntos por Tecom\u00e1n\u201d. Ambos alcaldes como est\u00e1n en los primeros meses del primer a\u00f1o de la luna de miel, no lo resienten o al menos act\u00faan como que no les importa, los quiero ver m\u00e1s adelante, cuando pase la luna de miel.<\/p>\n","protected":false},"excerpt":{"rendered":"<p>Observador Pol\u00edtico Belisario Romero S\u00e1nchez Desde que la ola amloista meti\u00f3 a cobrar a las \u00a0n\u00f3minas del erario p\u00fablico \u00a0a muchos candidatos que participaron en la coalici\u00f3n \u201cJuntos haremos historia\u201d, que se colgaron de la popularidad del tabasque\u00f1o y que de ser unos \u201cDon nadie\u201d, hoy son representantes populares que salieron igual a los pol\u00edticos&#8230;<\/p>\n","protected":false},"author":2,"featured_media":1003,"comment_status":"open","ping_status":"open","sticky":false,"template":"","format":"standard","meta":{"footnotes":""},"categories":[11],"tags":[29,30,28],"class_list":["post-3309","post","type-post","status-publish","format-standard","has-post-thumbnail","hentry","category-opinion","tag-grid","tag-news","tag-slider"],"_links":{"self":[{"href":"http:\/\/elobservatorio.com.mx\/index.php?rest_route=\/wp\/v2\/posts\/3309"}],"collection":[{"href":"http:\/\/elobservatorio.com.mx\/index.php?rest_route=\/wp\/v2\/posts"}],"about":[{"href":"http:\/\/elobservatorio.com.mx\/index.php?rest_route=\/wp\/v2\/types\/post"}],"author":[{"embeddable":true,"href":"http:\/\/elobservatorio.com.mx\/index.php?rest_route=\/wp\/v2\/users\/2"}],"replies":[{"embeddable":true,"href":"http:\/\/elobservatorio.com.mx\/index.php?rest_route=%2Fwp%2Fv2%2Fcomments&post=3309"}],"version-history":[{"count":0,"href":"http:\/\/elobservatorio.com.mx\/index.php?rest_route=\/wp\/v2\/posts\/3309\/revisions"}],"wp:featuredmedia":[{"embeddable":true,"href":"http:\/\/elobservatorio.com.mx\/index.php?rest_route=\/wp\/v2\/media\/1003"}],"wp:attachment":[{"href":"http:\/\/elobservatorio.com.mx\/index.php?rest_route=%2Fwp%2Fv2%2Fmedia&parent=3309"}],"wp:term":[{"taxonomy":"category","embeddable":true,"href":"http:\/\/elobservatorio.com.mx\/index.php?rest_route=%2Fwp%2Fv2%2Fcategories&post=3309"},{"taxonomy":"post_tag","embeddable":true,"href":"http:\/\/elobservatorio.com.mx\/index.php?rest_route=%2Fwp%2Fv2%2Ftags&post=3309"}],"curies":[{"name":"wp","href":"https:\/\/api.w.org\/{rel}","templated":true}]}}