{"id":33286,"date":"2025-12-10T09:08:51","date_gmt":"2025-12-10T15:08:51","guid":{"rendered":"http:\/\/elobservatorio.com.mx\/?p=33286"},"modified":"2025-12-10T09:08:51","modified_gmt":"2025-12-10T15:08:51","slug":"malos-manejos-financieros-durante-periodo-de-francisco-hueso-complico-la-situacion-en-la-asociacion-de-productores-de-platano","status":"publish","type":"post","link":"http:\/\/elobservatorio.com.mx\/?p=33286","title":{"rendered":"Malos manejos financieros durante periodo de Francisco Hueso, complic\u00f3 la situaci\u00f3n en la Asociaci\u00f3n de Productores de pl\u00e1tano"},"content":{"rendered":"<div class=\"xdj266r x14z9mp xat24cr x1lziwak x1vvkbs x126k92a\">\n<div dir=\"auto\"><em>* Interponen denuncia ante la FGE por allanamiento a instalaciones de la \u201cAsociaci\u00f3n de Productores de Pl\u00e1tano del Valle de Tecom\u00e1n, Colima\u201d, A.C.<\/em><\/div>\n<\/div>\n<div class=\"x14z9mp xat24cr x1lziwak x1vvkbs xtlvy1s x126k92a\">\n<div dir=\"auto\"><\/div>\n<div dir=\"auto\"><em>* Gustavo Arceo, presidente de dicha asociaci\u00f3n acudi\u00f3 el pasado 8 de diciembre del presente a\u00f1o a la Fiscal\u00eda General del Estado de Colima para interponer una denuncia en contra de al menos 14 personas que ese mismo d\u00eda ingresaron sin autorizaci\u00f3n a las oficinas de la asociaci\u00f3n, causando da\u00f1os a las instalaciones.<\/em><\/div>\n<\/div>\n<div class=\"x14z9mp xat24cr x1lziwak x1vvkbs xtlvy1s x126k92a\">\n<div dir=\"auto\"><\/div>\n<div dir=\"auto\">Tecom\u00e1n, Colima, 9 de diciembre de 2025.\u2013 De acuerdo con Arceo Sol\u00eds, el grupo de individuos se present\u00f3 como productores y, durante la tarde del lunes 8 de diciembre, accedi\u00f3 sin permiso a las oficinas de la asociaci\u00f3n. Por este hecho, present\u00f3 denuncia penal por los delitos de allanamiento de morada, robo, da\u00f1os y los que resulten.<\/div>\n<div dir=\"auto\"><\/div>\n<div dir=\"auto\">El l\u00edder platanero se\u00f1al\u00f3 que estas personas se ostentaron como productores para justificar su actuar; sin embargo, no forman parte de la asociaci\u00f3n y, en su mayor\u00eda, son \u201ccoyotes\u201d. Indic\u00f3 que esto se acredita en los archivos internos de la organizaci\u00f3n, donde consta que 29 de ellos \u00fanicamente solicitaron credenciales como intermediarios, pero no como socios productores.<\/div>\n<\/div>\n<div class=\"x14z9mp xat24cr x1lziwak x1vvkbs xtlvy1s x126k92a\">\n<div dir=\"auto\"><\/div>\n<div dir=\"auto\">Arceo Sol\u00eds record\u00f3 que la asociaci\u00f3n fue fundada en 1994 y formalizada ante notario en 2015. Actualmente la integran 126 socios productores y aproximadamente 20 empresas afiliadas. Subray\u00f3 que cualquier modificaci\u00f3n en su estructura debe realizarse mediante asambleas convocadas conforme a estatutos y aprobadas por mayor\u00eda de socios.<\/div>\n<div dir=\"auto\"><\/div>\n<div dir=\"auto\">Respecto al grupo se\u00f1alado, afirm\u00f3 que su intenci\u00f3n de conformar una nueva mesa directiva de manera ilegal obedece a que no son productores, sino intermediarios que buscan legitimar su movimiento. Expuso que incluso han solicitado apoyo a personas ajenas al estado, con la finalidad de instaurar en Colima pr\u00e1cticas que \u2014dijo\u2014 se aplican en Michoac\u00e1n, donde se paga el pl\u00e1tano a precios muy bajos, afectando directamente al productor.<\/div>\n<\/div>\n<div class=\"x14z9mp xat24cr x1lziwak x1vvkbs xtlvy1s x126k92a\">\n<div dir=\"auto\"><\/div>\n<div dir=\"auto\">\u201cActualmente los productores atravesamos una situaci\u00f3n econ\u00f3mica complicada porque los precios de producci\u00f3n nos han rebasado a causa de los coyotes\u201d, se\u00f1al\u00f3.<\/div>\n<div dir=\"auto\"><\/div>\n<div dir=\"auto\">Asimismo, hizo un llamado a las autoridades para no legitimar un acto que calific\u00f3 como ilegal, ya que estas personas no son socios de la asociaci\u00f3n. Inform\u00f3 que se tiene conocimiento de acercamientos entre este grupo y el Consejo Estatal Agropecuario de Colima, antes presidido por Francisco Hueso Alcaraz y actualmente a cargo del C.P. Marco Antonio Maga\u00f1a Ch\u00e1vez, a quien describi\u00f3 como persona de confianza de Hueso Alcaraz.<\/div>\n<div dir=\"auto\"><\/div>\n<div dir=\"auto\">A\u00f1adi\u00f3 que este \u00faltimo dej\u00f3 a Maga\u00f1a en el cargo sin ser productor ni haber cultivado una planta de pl\u00e1tano, con el objetivo \u2014afirm\u00f3\u2014 de protegerlo ante una investigaci\u00f3n que est\u00e1 en curso.<\/div>\n<div dir=\"auto\"><\/div>\n<div dir=\"auto\">En este contexto, record\u00f3 que cuando ambos formaron parte de la asociaci\u00f3n, se les finc\u00f3 un cr\u00e9dito fiscal superior a 140 millones de pesos, deuda que la organizaci\u00f3n contin\u00faa arrastrando y que actualmente se encuentra en litigio ante la Fiscal\u00eda General de la Rep\u00fablica, en la carpeta de investigaci\u00f3n FED\/COL\/TEC\/0000151\/2025 y esto ha complicado actualmente la situaci\u00f3n en la asociaci\u00f3n<\/div>\n<\/div>\n<div class=\"x14z9mp xat24cr x1lziwak x1vvkbs xtlvy1s x126k92a\">\n<div dir=\"auto\"><\/div>\n<div dir=\"auto\">Finalmente, Arceo Sol\u00eds alert\u00f3 a productores, autoridades y p\u00fablico en general sobre una supuesta asamblea convocada para este mi\u00e9rcoles en el Parque Metropolitano, donde \u2014dijo\u2014 se pretende tomar protesta a una mesa directiva de facto. Advirti\u00f3 que los convocantes han amenazado y presionado a productores y trabajadores del campo con no comprar su fruta si no asisten, buscando obtener aval mediante personas ajenas al estado y que no son socios de la asociaci\u00f3n ni de ninguna otra en Colima. Se\u00f1al\u00f3 que este grupo ha difundido, de manera enga\u00f1osa, que cuentan con el respaldo del Gobierno Estatal y Federal.<\/div>\n<\/div>\n","protected":false},"excerpt":{"rendered":"<p>* Interponen denuncia ante la FGE por allanamiento a instalaciones de la \u201cAsociaci\u00f3n de Productores de Pl\u00e1tano del Valle de Tecom\u00e1n, Colima\u201d, A.C. * Gustavo Arceo, presidente de dicha asociaci\u00f3n acudi\u00f3 el pasado 8 de diciembre del presente a\u00f1o a la Fiscal\u00eda General del Estado de Colima para interponer una denuncia en contra de al&#8230;<\/p>\n","protected":false},"author":2,"featured_media":33287,"comment_status":"closed","ping_status":"open","sticky":false,"template":"","format":"standard","meta":{"footnotes":""},"categories":[9],"tags":[29,30,28],"class_list":["post-33286","post","type-post","status-publish","format-standard","has-post-thumbnail","hentry","category-agro-y-salud","tag-grid","tag-news","tag-slider"],"_links":{"self":[{"href":"http:\/\/elobservatorio.com.mx\/index.php?rest_route=\/wp\/v2\/posts\/33286"}],"collection":[{"href":"http:\/\/elobservatorio.com.mx\/index.php?rest_route=\/wp\/v2\/posts"}],"about":[{"href":"http:\/\/elobservatorio.com.mx\/index.php?rest_route=\/wp\/v2\/types\/post"}],"author":[{"embeddable":true,"href":"http:\/\/elobservatorio.com.mx\/index.php?rest_route=\/wp\/v2\/users\/2"}],"replies":[{"embeddable":true,"href":"http:\/\/elobservatorio.com.mx\/index.php?rest_route=%2Fwp%2Fv2%2Fcomments&post=33286"}],"version-history":[{"count":1,"href":"http:\/\/elobservatorio.com.mx\/index.php?rest_route=\/wp\/v2\/posts\/33286\/revisions"}],"predecessor-version":[{"id":33288,"href":"http:\/\/elobservatorio.com.mx\/index.php?rest_route=\/wp\/v2\/posts\/33286\/revisions\/33288"}],"wp:featuredmedia":[{"embeddable":true,"href":"http:\/\/elobservatorio.com.mx\/index.php?rest_route=\/wp\/v2\/media\/33287"}],"wp:attachment":[{"href":"http:\/\/elobservatorio.com.mx\/index.php?rest_route=%2Fwp%2Fv2%2Fmedia&parent=33286"}],"wp:term":[{"taxonomy":"category","embeddable":true,"href":"http:\/\/elobservatorio.com.mx\/index.php?rest_route=%2Fwp%2Fv2%2Fcategories&post=33286"},{"taxonomy":"post_tag","embeddable":true,"href":"http:\/\/elobservatorio.com.mx\/index.php?rest_route=%2Fwp%2Fv2%2Ftags&post=33286"}],"curies":[{"name":"wp","href":"https:\/\/api.w.org\/{rel}","templated":true}]}}