{"id":33289,"date":"2025-12-10T10:02:37","date_gmt":"2025-12-10T16:02:37","guid":{"rendered":"http:\/\/elobservatorio.com.mx\/?p=33289"},"modified":"2025-12-10T10:02:37","modified_gmt":"2025-12-10T16:02:37","slug":"udec-y-asipona-manzanillo-fortalecen-cooperacion-en-proyectos-academicos-y-portuarios","status":"publish","type":"post","link":"http:\/\/elobservatorio.com.mx\/?p=33289","title":{"rendered":"UdeC y ASIPONA Manzanillo fortalecen cooperaci\u00f3n en proyectos acad\u00e9micos y portuarios"},"content":{"rendered":"<p><em>* Celebraron una reuni\u00f3n de trabajo para revisar avances de convenios ya firmados y ampliar l\u00edneas de colaboraci\u00f3n en investigaci\u00f3n, impacto ambiental, cultura y desarrollo social.<\/em><\/p>\n<p>El rector de la Universidad de Colima, Dr. Christian Jorge Torres Ortiz Zerme\u00f1o, sostuvo este martes una reuni\u00f3n de trabajo con el vicealmirante Jos\u00e9 Ignacio Moreno D\u00edaz, reci\u00e9n nombrado director general de la Administraci\u00f3n del Sistema Portuario Nacional Manzanillo (ASIPONA). El encuentro, realizado en las oficinas de la ASIPONA en el puerto de Manzanillo, tuvo como prop\u00f3sito dar seguimiento a proyectos conjuntos y reforzar la cooperaci\u00f3n acad\u00e9mica y cultural entre ambas instancias.<\/p>\n<p>Moreno D\u00edaz fue designado como director general de ASIPONA por el Consejo de Administraci\u00f3n el pasado 3 de noviembre de 2025, como parte del proceso de rotaci\u00f3n permanente del personal adscrito a la Secretar\u00eda de Marina (Semar). El nuevo director es ingeniero en Ciencias Navales por la Heroica Escuela Naval Militar y cuenta con una maestr\u00eda en Administraci\u00f3n Naval y Seguridad Nacional por el CESNAV.<\/p>\n<p>Durante la reuni\u00f3n, celebrada la ma\u00f1ana de este 9 de diciembre, se revisaron los convenios vigentes entre la Universidad y ASIPONA, particularmente los avances en la rehabilitaci\u00f3n de la segunda etapa del campus San Pedrito, y sobre todo el trabajo conjunto en materia de estudios de impacto ambiental, as\u00ed como nuevas posibilidades de colaboraci\u00f3n en investigaci\u00f3n cient\u00edfica, cultura y programas de beneficio social para el puerto y el estado.<\/p>\n<p>El rector Torres Ortiz comparti\u00f3, adem\u00e1s, que la Universidad de Colima ha tenido un incremento de 9 por ciento en su matr\u00edcula desde el inicio de su administraci\u00f3n, lo que refleja -dijo- la confianza de la sociedad en la instituci\u00f3n y la importancia de fortalecer alianzas como la que se mantiene con ASIPONA.<\/p>\n<p>En este encuentro de acercamiento participaron directores y directoras de distintas \u00e1reas de la ASIPONA. Acompa\u00f1aron al rector la delegada de la UdeC en Manzanillo, Mtra. Ana Mar\u00eda Gallardo V\u00e1zquez, y Francisco Coello, secretario privado de Rector\u00eda.<\/p>\n","protected":false},"excerpt":{"rendered":"<p>* Celebraron una reuni\u00f3n de trabajo para revisar avances de convenios ya firmados y ampliar l\u00edneas de colaboraci\u00f3n en investigaci\u00f3n, impacto ambiental, cultura y desarrollo social. El rector de la Universidad de Colima, Dr. Christian Jorge Torres Ortiz Zerme\u00f1o, sostuvo este martes una reuni\u00f3n de trabajo con el vicealmirante Jos\u00e9 Ignacio Moreno D\u00edaz, reci\u00e9n nombrado&#8230;<\/p>\n","protected":false},"author":2,"featured_media":33290,"comment_status":"closed","ping_status":"open","sticky":false,"template":"","format":"standard","meta":{"footnotes":""},"categories":[14],"tags":[29,30,28],"class_list":["post-33289","post","type-post","status-publish","format-standard","has-post-thumbnail","hentry","category-educacion-y-cultura","tag-grid","tag-news","tag-slider"],"_links":{"self":[{"href":"http:\/\/elobservatorio.com.mx\/index.php?rest_route=\/wp\/v2\/posts\/33289"}],"collection":[{"href":"http:\/\/elobservatorio.com.mx\/index.php?rest_route=\/wp\/v2\/posts"}],"about":[{"href":"http:\/\/elobservatorio.com.mx\/index.php?rest_route=\/wp\/v2\/types\/post"}],"author":[{"embeddable":true,"href":"http:\/\/elobservatorio.com.mx\/index.php?rest_route=\/wp\/v2\/users\/2"}],"replies":[{"embeddable":true,"href":"http:\/\/elobservatorio.com.mx\/index.php?rest_route=%2Fwp%2Fv2%2Fcomments&post=33289"}],"version-history":[{"count":1,"href":"http:\/\/elobservatorio.com.mx\/index.php?rest_route=\/wp\/v2\/posts\/33289\/revisions"}],"predecessor-version":[{"id":33291,"href":"http:\/\/elobservatorio.com.mx\/index.php?rest_route=\/wp\/v2\/posts\/33289\/revisions\/33291"}],"wp:featuredmedia":[{"embeddable":true,"href":"http:\/\/elobservatorio.com.mx\/index.php?rest_route=\/wp\/v2\/media\/33290"}],"wp:attachment":[{"href":"http:\/\/elobservatorio.com.mx\/index.php?rest_route=%2Fwp%2Fv2%2Fmedia&parent=33289"}],"wp:term":[{"taxonomy":"category","embeddable":true,"href":"http:\/\/elobservatorio.com.mx\/index.php?rest_route=%2Fwp%2Fv2%2Fcategories&post=33289"},{"taxonomy":"post_tag","embeddable":true,"href":"http:\/\/elobservatorio.com.mx\/index.php?rest_route=%2Fwp%2Fv2%2Ftags&post=33289"}],"curies":[{"name":"wp","href":"https:\/\/api.w.org\/{rel}","templated":true}]}}