{"id":33292,"date":"2025-12-10T10:29:46","date_gmt":"2025-12-10T16:29:46","guid":{"rendered":"http:\/\/elobservatorio.com.mx\/?p=33292"},"modified":"2025-12-10T10:29:46","modified_gmt":"2025-12-10T16:29:46","slug":"beneficia-a-764-jovenes-manzanillenses-nueva-edicion-del-programa-unibecas","status":"publish","type":"post","link":"http:\/\/elobservatorio.com.mx\/?p=33292","title":{"rendered":"Beneficia a 764 j\u00f3venes manzanillenses nueva edici\u00f3n del programa UniBecas"},"content":{"rendered":"<p><em>* \u201cEste respaldo permite que las y los j\u00f3venes nos concentremos en el desarrollo de nuestras competencias acad\u00e9micas y avancemos con mayor seguridad en nuestra trayectoria formativa como profesionistas\u201d: Alumnas beneficiadas.<\/em><\/p>\n<p>Este martes, en dos eventos por separado, se llev\u00f3 a cabo la entrega de UniBecas, un programa del Ayuntamiento de Manzanillo dirigido a estudiantes de nivel superior y posgrado que estudian en dicho municipio o que, siendo originarios del puerto, estudian en otros lugares del estado. En esta ocasi\u00f3n, un total de 764 j\u00f3venes de la Universidad de Colima resultaron beneficiados (534 en el primer evento y 230 en el segundo).<\/p>\n<p>Encabez\u00f3 ambas entregas Rosa Mar\u00eda Bayardo Cabrera, presidenta municipal del ayuntamiento porte\u00f1o. Estuvo acompa\u00f1ada por el rector Christian Torres Ortiz Zerme\u00f1o y por Jorge Padilla Castillo, subsecretario de Turismo, quien asisti\u00f3 en representaci\u00f3n de la gobernadora Indira Vizca\u00edno Silva. El primero de estos eventos se realiz\u00f3 en la Explanada de la Facultad de Comercio Exterior, campus Valle Las Garzas, y el segundo en el Centro Universitario de Convenciones del Campus El Naranjo de la Universidad de Colima.<\/p>\n<p>Christian Jorge Torres Ortiz, agradeci\u00f3, en nombre de la Universidad de Colima, el otorgamiento de estas becas, ya que la mayor\u00eda de beneficiados pertenece a esta casa de estudios. \u201cQuiero reconocer, a nombre de la instituci\u00f3n a Rosy, ya que \u00e9sta es una pol\u00edtica p\u00fablica pensada en el presente y futuro de ustedes, j\u00f3venes\u201d.<\/p>\n<p>Record\u00f3 que en educaci\u00f3n superior hay tres momentos importantes y fundamentales: Ingresar, permanecer y egresar. \u201cEl primer momento es llegar; el segundo permanecer -que por ninguna raz\u00f3n dejen de estudiar-, y el tercero -fundamental- es egresar, pero con su t\u00edtulo profesional\u201d.<\/p>\n<p>\u201cNo tengo ninguna duda de que en el momento que les pueda tocar esta beca, ya sea al inicio, en el intermedio de su carrera o al final, puede ser una diferencia muy importante en sus historias de vida, en sus historias personales y en su futuro laboral y profesional\u201d, coment\u00f3.<\/p>\n<p>Para terminar, el rector pidi\u00f3 a las y los j\u00f3venes que cuiden su beca. \u201cFinalmente, son recursos p\u00fablicos pensados y destinados para ustedes; hagan el mejor uso posible de esta importante beca que les entrega el gobierno municipal de Manzanillo\u201d.<\/p>\n<p>Jorge Padilla dijo estar convencido de que el proyecto de UniBecas es de gran ayuda para las y los beneficiados. \u201cLes representa manutenci\u00f3n, renta y traslados, beneficios muy tangibles que les ayudar\u00e1n a traer paz en su familia, desde el punto de vista econ\u00f3mico, y les permitir\u00e1 concentrarse m\u00e1s en sus estudios porque tendr\u00e1n una preocupaci\u00f3n menos\u201d.<\/p>\n<p>En nombre de las y los beneficiados, las estudiantes Ail\u00edn Valeria Maule\u00f3n Salto, estudiante de Comercio Exterior y Anette Jordane Capilla Alatorre, agradecieron haber sido beneficiados con este programa. \u201cEs una iniciativa que contribuye a disminuir las barreras econ\u00f3micas que pueden afectar la continuidad de los estudiosos superiores. Este respaldo permite que las y los j\u00f3venes nos concentremos en el desarrollo de nuestras competencias acad\u00e9micas y avancemos con mayor seguridad en nuestra trayectoria formativa como profesionistas\u201d, coincidieron.<\/p>\n<p>Destacaron que la implementaci\u00f3n de este programa es reflejo de la coordinaci\u00f3n entre las autoridades universitarias y gubernamentales. \u201cSin duda es un esfuerzo orientado a atender necesidades concretas del estudiantado colimense\u201d, sobre todo el de Manzanillo.<\/p>\n<p>Finalmente, ambas expresaron su agradecimiento al rector \u201cpor el acompa\u00f1amiento y apoyo brindado para que estos programas incidan positivamente en nuestra formaci\u00f3n\u201d. De la misma manera, reconocieron en la presidenta municipal, Rosa Mar\u00eda Bayardo, \u201cla visi\u00f3n y voluntad con la que fue posible el programa UniBeca\u201d.<\/p>\n<p>Por \u00faltimo, la alcaldesa de Manzanillo habl\u00f3 de tres temas que hicieron posible el surgimiento de este programa. El primero de ellos fue la falta de apoyos a estudiantes en el nivel superior; el segundo, el crecimiento del puerto, que conlleva oportunidades laborales, \u201cy nosotros como gobierno tenemos que garantizar que esas oportunidades se queden aqu\u00ed en Manzanillo, principalmente\u201d.<\/p>\n<p>El tercer tema es que \u201cla educaci\u00f3n debe ser un derecho no un privilegio; estamos convencidos de esto y, por lo tanto, tenemos que garantizarlo como gobierno. Somos el \u00fanico municipio de todo el pa\u00eds, de alrededor de 2,500, que otorga una beca de 9 mil pesos. La oportunidad que les estamos dando hoy es para valorarla y para garantizarla a quienes vienen en el futuro. As\u00ed que se quedan ustedes con este compromiso\u201d, concluy\u00f3.<\/p>\n","protected":false},"excerpt":{"rendered":"<p>* \u201cEste respaldo permite que las y los j\u00f3venes nos concentremos en el desarrollo de nuestras competencias acad\u00e9micas y avancemos con mayor seguridad en nuestra trayectoria formativa como profesionistas\u201d: Alumnas beneficiadas. Este martes, en dos eventos por separado, se llev\u00f3 a cabo la entrega de UniBecas, un programa del Ayuntamiento de Manzanillo dirigido a estudiantes&#8230;<\/p>\n","protected":false},"author":2,"featured_media":33293,"comment_status":"closed","ping_status":"open","sticky":false,"template":"","format":"standard","meta":{"footnotes":""},"categories":[14],"tags":[29,30,28],"class_list":["post-33292","post","type-post","status-publish","format-standard","has-post-thumbnail","hentry","category-educacion-y-cultura","tag-grid","tag-news","tag-slider"],"_links":{"self":[{"href":"http:\/\/elobservatorio.com.mx\/index.php?rest_route=\/wp\/v2\/posts\/33292"}],"collection":[{"href":"http:\/\/elobservatorio.com.mx\/index.php?rest_route=\/wp\/v2\/posts"}],"about":[{"href":"http:\/\/elobservatorio.com.mx\/index.php?rest_route=\/wp\/v2\/types\/post"}],"author":[{"embeddable":true,"href":"http:\/\/elobservatorio.com.mx\/index.php?rest_route=\/wp\/v2\/users\/2"}],"replies":[{"embeddable":true,"href":"http:\/\/elobservatorio.com.mx\/index.php?rest_route=%2Fwp%2Fv2%2Fcomments&post=33292"}],"version-history":[{"count":1,"href":"http:\/\/elobservatorio.com.mx\/index.php?rest_route=\/wp\/v2\/posts\/33292\/revisions"}],"predecessor-version":[{"id":33294,"href":"http:\/\/elobservatorio.com.mx\/index.php?rest_route=\/wp\/v2\/posts\/33292\/revisions\/33294"}],"wp:featuredmedia":[{"embeddable":true,"href":"http:\/\/elobservatorio.com.mx\/index.php?rest_route=\/wp\/v2\/media\/33293"}],"wp:attachment":[{"href":"http:\/\/elobservatorio.com.mx\/index.php?rest_route=%2Fwp%2Fv2%2Fmedia&parent=33292"}],"wp:term":[{"taxonomy":"category","embeddable":true,"href":"http:\/\/elobservatorio.com.mx\/index.php?rest_route=%2Fwp%2Fv2%2Fcategories&post=33292"},{"taxonomy":"post_tag","embeddable":true,"href":"http:\/\/elobservatorio.com.mx\/index.php?rest_route=%2Fwp%2Fv2%2Ftags&post=33292"}],"curies":[{"name":"wp","href":"https:\/\/api.w.org\/{rel}","templated":true}]}}