{"id":33295,"date":"2025-12-11T07:17:51","date_gmt":"2025-12-11T13:17:51","guid":{"rendered":"http:\/\/elobservatorio.com.mx\/?p=33295"},"modified":"2025-12-11T07:17:51","modified_gmt":"2025-12-11T13:17:51","slug":"inicia-segunda-jornada-de-rendicion-de-cuentas-en-la-udec-ahora-con-dependencia-y-coordinaciones-generales","status":"publish","type":"post","link":"http:\/\/elobservatorio.com.mx\/?p=33295","title":{"rendered":"Inicia segunda jornada de rendici\u00f3n de cuentas en la UdeC, ahora con dependencia y coordinaciones generales"},"content":{"rendered":"<p><em>* \u201cMuchas felicidades por sus resultados, por su trabajo, por su compromiso y por acompa\u00f1arnos en esta gran aventura que se llama vida y que se llama Universidad de Colima\u201d: Christian Torres Ortiz, rector.<\/em><\/p>\n<p>Este mi\u00e9rcoles, en el Paraninfo Universitario, inici\u00f3 la segunda parte del proceso de rendici\u00f3n de cuentas de la Universidad de Colima. Despu\u00e9s de los bachilleratos y facultades toc\u00f3 el turno a las dependencias, coordinaciones y ejes transversales de la instituci\u00f3n, quienes este d\u00eda y el pr\u00f3ximo lunes 15 de diciembre dar\u00e1n a conocer c\u00f3mo y con qu\u00e9 resultados han invertido los recursos p\u00fablicos que recibe la casa de estudios.<\/p>\n<p>Luego de escuchar los primeros siete informes, el rector Christian Jorge Torres Ortiz Zerme\u00f1o reconoci\u00f3 el trabajo de todas y todos quienes conforman las dependencias universitarias. \u201cDespu\u00e9s de casi 5 a\u00f1os al frente de esta casa de estudios empiezo a ver cosas que imagin\u00e9, que so\u00f1\u00e9, que quise como rector electo de la universidad y que ahora veo con mucha claridad, con mucho orgullo y satisfacci\u00f3n\u201d.<\/p>\n<p>\u201cEstamos hablando de 5 a\u00f1os de trabajar codo con codo, hombro con hombro, todos y todas, para hacer posible estos avances, estos resultados y estas grand\u00edsimas satisfacciones que nos da nuestro trabajo, que nos da nuestra Universidad\u201d, agreg\u00f3 el rector.<\/p>\n<p>Christian Torres Ortiz celebr\u00f3 que todos y cada uno de quienes rindieron su informe en esta primera jornada le dieran \u201cvoz y rostro a la gente que hace posible los resultados que obtenemos como universidad. Esto me parece fundamental, digno y respetuoso de todos quienes son titulares de una dependencia\u201d.<\/p>\n<p>Otro com\u00fan denominador en los informes, resalt\u00f3, es el tema de la innovaci\u00f3n, del uso de las tecnolog\u00edas en todas sus vertientes. \u201cEsto da como resultado la posibilidad de que seamos una universidad moderna, que se mantenga a la vanguardia en todo. A la vuelta de pr\u00e1cticamente 5 a\u00f1os, lo que hemos podido sumar, cultivar y ahora cosechar, se nota mucho en los resultados. Se los digo con much\u00edsima claridad: los resultados de la Universidad, la presencia de la Universidad, nos hablan de una instituci\u00f3n distinta a la de hace algunos a\u00f1os\u201d.<\/p>\n<p>Torres Ortiz Zerme\u00f1o recalc\u00f3 que, si bien se han logrado grandes avances en estos \u00faltimos 5 a\u00f1os, \u201ceso no significa que bajaremos al ritmo, significa que estamos trabajando en equipo, y que si seguimos trabajando as\u00ed, a la vuelta de tres a\u00f1os m\u00e1s -es lo que me queda como rector-, lo que vamos a entregar como Universidad ser\u00e1n resultados muy satisfactorios para todas y todos, es por ello que les quiero invitar a seguir juntas y juntos con mucha convicci\u00f3n, con mucha fuerza, con mucho compromiso, con mucha identidad, \u00a0para lograr grandes resultados para nuestra instituci\u00f3n\u201d.<\/p>\n<p>Utiliz\u00f3 la met\u00e1fora de un reloj transparente que tiene, para hablar de la importancia que cada una de las piezas y engranes tiene -sin importar el tama\u00f1o- en el funcionamiento de todo el mecanismo. Si una pieza falla, el reloj deja de funcionar, dijo. Por eso es tan valioso \u201ccuando los equipos de trabajo est\u00e1n comprometidos y tienen una alt\u00edsima identidad, una gran identificaci\u00f3n con su labor y con la Universidad\u201d.<\/p>\n<p>Por \u00faltimo, les dijo a las y los universitarios reunidos en el Paraninfo, que \u201csu trabajo es vital, su trabajo es muy importante en la Universidad, y si alguien lo dejara de hacer, la Universidad podr\u00eda detenerse. Muchas felicidades por sus resultados, por su trabajo, por su compromiso y por acompa\u00f1arnos en esta gran aventura que se llama vida y que se llama Universidad de Colima\u201d.<\/p>\n<p>&nbsp;<\/p>\n<p>&nbsp;<\/p>\n","protected":false},"excerpt":{"rendered":"<p>* \u201cMuchas felicidades por sus resultados, por su trabajo, por su compromiso y por acompa\u00f1arnos en esta gran aventura que se llama vida y que se llama Universidad de Colima\u201d: Christian Torres Ortiz, rector. Este mi\u00e9rcoles, en el Paraninfo Universitario, inici\u00f3 la segunda parte del proceso de rendici\u00f3n de cuentas de la Universidad de Colima&#8230;.<\/p>\n","protected":false},"author":2,"featured_media":33296,"comment_status":"closed","ping_status":"open","sticky":false,"template":"","format":"standard","meta":{"footnotes":""},"categories":[14],"tags":[29,30,28],"class_list":["post-33295","post","type-post","status-publish","format-standard","has-post-thumbnail","hentry","category-educacion-y-cultura","tag-grid","tag-news","tag-slider"],"_links":{"self":[{"href":"http:\/\/elobservatorio.com.mx\/index.php?rest_route=\/wp\/v2\/posts\/33295"}],"collection":[{"href":"http:\/\/elobservatorio.com.mx\/index.php?rest_route=\/wp\/v2\/posts"}],"about":[{"href":"http:\/\/elobservatorio.com.mx\/index.php?rest_route=\/wp\/v2\/types\/post"}],"author":[{"embeddable":true,"href":"http:\/\/elobservatorio.com.mx\/index.php?rest_route=\/wp\/v2\/users\/2"}],"replies":[{"embeddable":true,"href":"http:\/\/elobservatorio.com.mx\/index.php?rest_route=%2Fwp%2Fv2%2Fcomments&post=33295"}],"version-history":[{"count":1,"href":"http:\/\/elobservatorio.com.mx\/index.php?rest_route=\/wp\/v2\/posts\/33295\/revisions"}],"predecessor-version":[{"id":33297,"href":"http:\/\/elobservatorio.com.mx\/index.php?rest_route=\/wp\/v2\/posts\/33295\/revisions\/33297"}],"wp:featuredmedia":[{"embeddable":true,"href":"http:\/\/elobservatorio.com.mx\/index.php?rest_route=\/wp\/v2\/media\/33296"}],"wp:attachment":[{"href":"http:\/\/elobservatorio.com.mx\/index.php?rest_route=%2Fwp%2Fv2%2Fmedia&parent=33295"}],"wp:term":[{"taxonomy":"category","embeddable":true,"href":"http:\/\/elobservatorio.com.mx\/index.php?rest_route=%2Fwp%2Fv2%2Fcategories&post=33295"},{"taxonomy":"post_tag","embeddable":true,"href":"http:\/\/elobservatorio.com.mx\/index.php?rest_route=%2Fwp%2Fv2%2Ftags&post=33295"}],"curies":[{"name":"wp","href":"https:\/\/api.w.org\/{rel}","templated":true}]}}