{"id":33298,"date":"2025-12-11T07:35:06","date_gmt":"2025-12-11T13:35:06","guid":{"rendered":"http:\/\/elobservatorio.com.mx\/?p=33298"},"modified":"2025-12-11T07:35:06","modified_gmt":"2025-12-11T13:35:06","slug":"delegaciones-de-la-udec-reconocen-al-personal-que-las-integra-como-el-corazon-universitario","status":"publish","type":"post","link":"http:\/\/elobservatorio.com.mx\/?p=33298","title":{"rendered":"Delegaciones de la UdeC reconocen al personal que las integra como el \u201ccoraz\u00f3n universitario\u201d"},"content":{"rendered":"<p><em>* \u201cLa fuerza de nuestra Universidad est\u00e1 en su comunidad, en su capacidad para trabajar unida y en la visi\u00f3n que nos impulsa a construir un futuro sostenible, innovador y justo\u201d: Carlos Montes.<\/em><\/p>\n<p>Delegados y delegadas de Colima, Villa de \u00c1lvarez, Coquimatl\u00e1n, Manzanillo y Tecom\u00e1n de la Universidad de Colima destacaron, durante la presentaci\u00f3n de sus informes de labores, el papel fundamental del personal administrativo, de servicios y secretarial, a quienes describieron como \u201cuno de los motores y el coraz\u00f3n universitario\u201d. Subrayaron que este informe \u201cm\u00e1s que n\u00fameros o cifras, tiene rostro humano\u201d.<\/p>\n<p>Al hablar en nombre de todas y todos los delegados de la Universidad, Carlos Montes Carbajal, delegado en el campus Villa de \u00c1lvarez, destac\u00f3 que la descentralizaci\u00f3n de servicios permiti\u00f3 que este 2025, las cinco delegaciones hicieran un trabajo coordinado y eficiente fortaleciendo servicios acad\u00e9micos, administrativos y comunitarios. \u201cSe mejoraron los procesos escolares con la consolidaci\u00f3n del expediente digital, la estandarizaci\u00f3n de tr\u00e1mites y un mejor seguimiento acad\u00e9mico mediante el SICEUC. La titulaci\u00f3n aument\u00f3 gracias a la colaboraci\u00f3n entre \u00e1reas\u201d.<\/p>\n<p>En materia de extensi\u00f3n y responsabilidad social, a\u00f1adi\u00f3 que realizaron campa\u00f1as ambientales, proyectos de conservaci\u00f3n y actividades comunitarias que consolidaron la sostenibilidad y reforzaron el v\u00ednculo con municipios y sectores sociales: \u201cCada campus impuls\u00f3 iniciativas propias para fortalecer la participaci\u00f3n estudiantil y el cuidado del entorno\u201d.<\/p>\n<p><strong>En Manzanillo se consolida presencia de la UdeC en la comunidad portuaria y empresarial<\/strong><\/p>\n<p>La delegada en el puerto, Ana Mar\u00eda Gallardo V\u00e1zquez, se\u00f1al\u00f3 que desde que asumi\u00f3 el cargo, el rector Christian Torres Ortiz Zerme\u00f1o impuls\u00f3 que el campus dejara de ser \u00fanicamente operativo para convertirse en un espacio de gesti\u00f3n estrat\u00e9gica. El objetivo, explic\u00f3, ha sido fortalecer la presencia de la Universidad de Colima en el puerto y ampliar la colaboraci\u00f3n con la comunidad portuaria y empresarial.<\/p>\n<p>Resalt\u00f3 como logro significativo la obtenci\u00f3n de recursos mediante la vinculaci\u00f3n con ASIPONA, destinados a la rehabilitaci\u00f3n del Polideportivo Universitario, acci\u00f3n que continuar\u00e1 el pr\u00f3ximo a\u00f1o en el Campus San Pedrito. Destac\u00f3 tambi\u00e9n las gestiones con el Ayuntamiento de Manzanillo, que permitieron iniciar la primera etapa del andador peatonal entre el Campus El Naranjo y el poblado de Miramar, obra que beneficiar\u00e1 a m\u00e1s de dos mil estudiantes con una movilidad m\u00e1s segura.<\/p>\n<p>En el \u00e1mbito acad\u00e9mico y de infraestructura, Gallardo inform\u00f3 sobre la reubicaci\u00f3n de la Escuela de Enfermer\u00eda del Campus San Pedrito al Campus Naranjo con el fin de optimizar espacios y mejorar las condiciones de ense\u00f1anza y aprendizaje, decisi\u00f3n que fortaleci\u00f3 tambi\u00e9n a los Bachilleratos 8, 9 y 10.<\/p>\n<p><strong>Tecom\u00e1n avanza en identidad, infraestructura y sostenibilidad ambiental<\/strong><\/p>\n<p>Ana Lilia Moreno Osegueda, delegada del campus Tecom\u00e1n, comparti\u00f3 que durante este periodo se fortaleci\u00f3 la calidad educativa, la sostenibilidad ambiental, la infraestructura y la formaci\u00f3n integral de la comunidad universitaria conformada por los municipios de Tecom\u00e1n, Armer\u00eda e Ixtlahuac\u00e1n.<\/p>\n<p>Entre las obras realizadas destac\u00f3 el muro de identidad del campus El Crucero de Tecom\u00e1n, s\u00edmbolo de integraci\u00f3n y orgullo universitario; la reconstrucci\u00f3n de la banqueta exterior, la pintura de edificios, la delimitaci\u00f3n de cajones de estacionamiento y la elaboraci\u00f3n de un croquis general con apoyo de la Facultad de Ingenier\u00eda Civil. Adem\u00e1s, se dise\u00f1\u00f3 un nuevo recorrido de acceso que redujo el tr\u00e1fico vehicular en horas pico.<\/p>\n<p>En materia ambiental, present\u00f3 el proyecto \u201cTerritorio Biodiverso UdeC Crucero\u201d, un modelo universitario de sostenibilidad que gener\u00f3 dos planes de manejo: uno para el \u00e1rea voluntariamente destinada a la conservaci\u00f3n y otro para la UMA de flora nativa. El proyecto incluye tambi\u00e9n una fototeca itinerante y un \u00e1rea para la preservaci\u00f3n de abejas meliponas.<\/p>\n<p>Asimismo, se elabor\u00f3 una gu\u00eda de campo en colaboraci\u00f3n con la Direcci\u00f3n General de Publicaciones y un inventario del arbolado con c\u00f3digos QR. Se cre\u00f3 tambi\u00e9n un sitio web interactivo con modelos 3D de flora, desarrollado con apoyo de la Direcci\u00f3n General de Recursos Educativos Digitales.<\/p>\n<p>En vinculaci\u00f3n, resalt\u00f3 convenios con \u201cHechos de la Tierra\u201d y \u201cPapayas de Occidente\u201d, gracias a los cuales se adquiri\u00f3 un tractor valuado en $776,000 pesos. Con la Fundaci\u00f3n Holcim M\u00e9xico se financi\u00f3 la cancha deportiva del Bachillerato de Madrid y, mediante colaboraci\u00f3n con Pe\u00f1a Colorada, se logr\u00f3 su participaci\u00f3n en la UMA de flora nativa.<\/p>\n<p><strong>Delegaci\u00f3n Colima, suma esfuerzos con la comunidad<\/strong><\/p>\n<p>Juan Diego Gayt\u00e1n Rodr\u00edguez, delegado en Colima, comparti\u00f3 que \u00e9ste ha sido un a\u00f1o de suma de esfuerzos con las dependencias para aportar a causas sociales, como el apoyo al Boteo Telet\u00f3n 2025, as\u00ed como con la colecta institucional \u201cUn d\u00eda para donar\u201d. Uno de los aspectos m\u00e1s relevantes este a\u00f1o fue la incorporaci\u00f3n administrativa a esta delegaci\u00f3n del Bachillerato 29 y el Bachillerato en L\u00ednea.<\/p>\n<p>En gesti\u00f3n ambiental mencion\u00f3 dos colectas de la campa\u00f1a \u201cResiduos Cero\u201d, con amplia participaci\u00f3n de las unidades organizacionales. Tambi\u00e9n inform\u00f3 sobre la distribuci\u00f3n de 3,300 plantas para estudiantes de nuevo ingreso como parte del programa ReforestAcci\u00f3n 2025. La delegaci\u00f3n -dijo- atiende diariamente m\u00e1s de 10 hect\u00e1reas de \u00e1reas verdes, incluyendo limpieza, poda, riego y mantenimiento.<\/p>\n<p>Un logro relevante fue la presentaci\u00f3n de un prototipo para facilitar el acceso a los campus desarrollado con apoyo de las Facultades de Ingenier\u00eda Mec\u00e1nica y El\u00e9ctrica y de Arquitectura y Dise\u00f1o. Comparti\u00f3 tambi\u00e9n que, en coordinaci\u00f3n con Protecci\u00f3n Civil Universitaria, participaron en dos simulacros que movilizaron a 10,500 personas en cada evento, adem\u00e1s de brindar capacitaci\u00f3n en b\u00fasqueda y rescate, combate contra incendios y evacuaci\u00f3n.<\/p>\n<p><strong>Coquimatl\u00e1n pone en marcha su Laboratorio de An\u00e1lisis Cl\u00ednicos<\/strong><\/p>\n<p>Jes\u00fas Omar Brizuela Padilla, delegado de Coquimatl\u00e1n, inform\u00f3 que durante este periodo se entregaron m\u00e1s de 150 insumos (herramientas, materiales y equipo) para fortalecer las brigadas de limpieza y mantenimiento, adem\u00e1s de instalar 17 luminarias nuevas para darle m\u00e1s seguridad al campus.<\/p>\n<p>Con apoyo de la Facultad de Ciencias Qu\u00edmicas se inaugur\u00f3 el Laboratorio de An\u00e1lisis Cl\u00ednicos, que en su primer mes atendi\u00f3 a 161 pacientes y realiz\u00f3 520 servicios. Lo describi\u00f3 como \u201cun proyecto pertinente y transformador, construido con vocaci\u00f3n, servicio y compromiso social\u201d.<\/p>\n<p><strong>Villa de \u00c1lvarez rehabilita espacios y ampl\u00eda infraestructura acad\u00e9mica<\/strong><\/p>\n<p>Carlos Alberto Montes explic\u00f3 que este periodo estuvo centrado en la rehabilitaci\u00f3n de espacios para estudiantes, personal y familias universitarias. Se recuper\u00f3 un terreno frente al campus para habilitar un \u00e1rea de estacionamiento segura, iluminada y gratuita. Tambi\u00e9n se renovaron las canchas deportivas, ahora equipadas con ocho l\u00e1mparas de 1,000 watts y disponibles de 7:00 a 20:00 horas.<\/p>\n<p>Asimismo, se habilit\u00f3 un nuevo edificio para la Facultad de Econom\u00eda, con aulas adecuadas que mejoran las condiciones acad\u00e9micas y el bienestar estudiantil. Como parte del fortalecimiento de la identidad universitaria, se devel\u00f3 el mural \u201cAlma M\u00e1ter\u201d, obra del artista Guillermo Ruacho Alant\u00edn.<\/p>\n<p>Finalmente, Montes resalt\u00f3 que los avances presentados son resultado del trabajo conjunto entre personal administrativo y de servicios, directivos, docentes, estudiantes y diversas alianzas que fortalecen la presencia universitaria en los diez municipios del estado. \u201cLa fuerza de nuestra Universidad est\u00e1 en su comunidad, en su capacidad para trabajar unida y en la visi\u00f3n que nos impulsa a construir un futuro sostenible, innovador y justo\u201d, afirm\u00f3.<\/p>\n<p>Concluy\u00f3 que las delegaciones refrendan su compromiso de seguir aportando al fortalecimiento de una Universidad de Colima que \u201ccrece con responsabilidad, con identidad y con sentido de prop\u00f3sito\u201d.<\/p>\n<p>&nbsp;<\/p>\n","protected":false},"excerpt":{"rendered":"<p>* \u201cLa fuerza de nuestra Universidad est\u00e1 en su comunidad, en su capacidad para trabajar unida y en la visi\u00f3n que nos impulsa a construir un futuro sostenible, innovador y justo\u201d: Carlos Montes. Delegados y delegadas de Colima, Villa de \u00c1lvarez, Coquimatl\u00e1n, Manzanillo y Tecom\u00e1n de la Universidad de Colima destacaron, durante la presentaci\u00f3n de&#8230;<\/p>\n","protected":false},"author":2,"featured_media":33299,"comment_status":"closed","ping_status":"open","sticky":false,"template":"","format":"standard","meta":{"footnotes":""},"categories":[14],"tags":[29,30,28],"class_list":["post-33298","post","type-post","status-publish","format-standard","has-post-thumbnail","hentry","category-educacion-y-cultura","tag-grid","tag-news","tag-slider"],"_links":{"self":[{"href":"http:\/\/elobservatorio.com.mx\/index.php?rest_route=\/wp\/v2\/posts\/33298"}],"collection":[{"href":"http:\/\/elobservatorio.com.mx\/index.php?rest_route=\/wp\/v2\/posts"}],"about":[{"href":"http:\/\/elobservatorio.com.mx\/index.php?rest_route=\/wp\/v2\/types\/post"}],"author":[{"embeddable":true,"href":"http:\/\/elobservatorio.com.mx\/index.php?rest_route=\/wp\/v2\/users\/2"}],"replies":[{"embeddable":true,"href":"http:\/\/elobservatorio.com.mx\/index.php?rest_route=%2Fwp%2Fv2%2Fcomments&post=33298"}],"version-history":[{"count":1,"href":"http:\/\/elobservatorio.com.mx\/index.php?rest_route=\/wp\/v2\/posts\/33298\/revisions"}],"predecessor-version":[{"id":33300,"href":"http:\/\/elobservatorio.com.mx\/index.php?rest_route=\/wp\/v2\/posts\/33298\/revisions\/33300"}],"wp:featuredmedia":[{"embeddable":true,"href":"http:\/\/elobservatorio.com.mx\/index.php?rest_route=\/wp\/v2\/media\/33299"}],"wp:attachment":[{"href":"http:\/\/elobservatorio.com.mx\/index.php?rest_route=%2Fwp%2Fv2%2Fmedia&parent=33298"}],"wp:term":[{"taxonomy":"category","embeddable":true,"href":"http:\/\/elobservatorio.com.mx\/index.php?rest_route=%2Fwp%2Fv2%2Fcategories&post=33298"},{"taxonomy":"post_tag","embeddable":true,"href":"http:\/\/elobservatorio.com.mx\/index.php?rest_route=%2Fwp%2Fv2%2Ftags&post=33298"}],"curies":[{"name":"wp","href":"https:\/\/api.w.org\/{rel}","templated":true}]}}