{"id":33301,"date":"2025-12-11T07:48:59","date_gmt":"2025-12-11T13:48:59","guid":{"rendered":"http:\/\/elobservatorio.com.mx\/?p=33301"},"modified":"2025-12-11T07:48:59","modified_gmt":"2025-12-11T13:48:59","slug":"unibecas-beneficia-a-348-manzanillenses-que-estudian-en-los-campus-de-colima-coquimatlan-y-villa-de-alvarez","status":"publish","type":"post","link":"http:\/\/elobservatorio.com.mx\/?p=33301","title":{"rendered":"Unibecas beneficia a 348 manzanillenses que estudian en los campus de Colima, Coquimatl\u00e1n y Villa de \u00c1lvarez"},"content":{"rendered":"<p>Este mi\u00e9rcoles, en la explanada de la Facultad de Contabilidad y Administraci\u00f3n del campus central de la Universidad de Colima, se realiz\u00f3 una nueva entrega de recursos del programa UniBeca, mediante el cual el Ayuntamiento de Manzanillo, encabezado por la presidenta Rosa Mar\u00eda Bayardo Cabrera, otorga apoyos econ\u00f3micos a estudiantes originarios de ese municipio que cursan el nivel superior o posgrado dentro y fuera de Manzanillo.<\/p>\n<p>En esta jornada fueron beneficiadas 348 alumnas y alumnos de las delegaciones Villa de \u00c1lvarez, Coquimatl\u00e1n y Colima.<\/p>\n<p>La UniBeca consiste en un monto anual de 9 mil pesos entregado en dos exhibiciones de 4 mil 500 pesos cada semestre. Con este programa, el Ayuntamiento de Manzanillo busca apoyar los gastos de traslado, manutenci\u00f3n o residencia de estudiantes oriundos del puerto, y favorecer la permanencia escolar.<\/p>\n<p><strong>Continuidad acad\u00e9mica<\/strong><\/p>\n<p>En representaci\u00f3n de Christian Torres Ortiz Zerme\u00f1o, rector de la Universidad de Colima, Camilo Garc\u00eda Morales, director general de Servicios Universitarios expres\u00f3 el agradecimiento institucional al Ayuntamiento de Manzanillo por \u201cuna pol\u00edtica p\u00fablica que apuesta por las juventudes y por su continuidad acad\u00e9mica\u201d.<\/p>\n<p>Subray\u00f3 que la Universidad participa como enlace y facilitadora, pero el programa y los recursos son enteramente un esfuerzo del Ayuntamiento de Manzanillo, encabezado por la presidenta Rosa Bayardo.<\/p>\n<p>Pidi\u00f3 a las y los estudiantes utilizar el apoyo \u201cde manera responsable\u201d, y record\u00f3 el mensaje del rector sobre la importancia de iniciar, permanecer y egresar: \u201cUniBeca es un impulso para la permanencia; lo que les pedimos es que concluyan sus estudios y que, si requieren apoyo adicional, se acerquen a sus autoridades universitarias o municipales\u201d.<\/p>\n<p><strong>\u201cEste apoyo tambi\u00e9n es pol\u00edtica p\u00fablica\u201d, Viridiana Valencia<\/strong><\/p>\n<p>En representaci\u00f3n de la gobernadora Indira Vizca\u00edno Silva, Viridiana Valencia Vargas, secretaria de Bienestar, Inclusi\u00f3n Social y Mujeres, comparti\u00f3 su experiencia como estudiante for\u00e1nea y resalt\u00f3 la importancia de programas como UniBeca en la vida cotidiana de las juventudes.<\/p>\n<p>Record\u00f3 que este tipo de apoyos forman parte de una visi\u00f3n de gobierno que busca disminuir desigualdades: \u201cLo que hoy reciben es pol\u00edtica p\u00fablica que impacta directamente en su educaci\u00f3n, en su econom\u00eda y en su capacidad de continuar estudiando\u201d.<\/p>\n<p>Adelant\u00f3 que, seg\u00fan dijo la gobernadora Indira Vizca\u00edno, Colima ser\u00e1 el primer estado del pa\u00eds en contar con una beca universal para quienes estudian en instituciones de educaci\u00f3n superior p\u00fablicas, fortaleciendo de esta manera la permanencia escolar desde la educaci\u00f3n b\u00e1sica hasta la licenciatura.<\/p>\n<p><strong>UniBeca como herramienta para la permanencia<\/strong><\/p>\n<p>La estudiante Ani Andr\u00e9 V\u00e1zquez Vel\u00e1zquez, en representaci\u00f3n de quienes reciben el apoyo, destac\u00f3 que UniBeca \u201cayuda a disminuir los obst\u00e1culos econ\u00f3micos, emocionales y log\u00edsticos\u201d a los que se enfrentan quienes estudian fuera de su municipio de origen.<\/p>\n<p>Agradeci\u00f3 al Ayuntamiento de Manzanillo por crear y sostener este programa, al igual que a la Universidad de Colima por facilitar el proceso de entrega y convocatoria. \u201cEste recurso nos brinda una oportunidad real para avanzar en nuestra formaci\u00f3n y honrar el esfuerzo familiar e institucional que nos acompa\u00f1a\u201d, concluy\u00f3.<\/p>\n<p><strong>UniBeca, un programa de 30 mdp que apoya la educaci\u00f3n<\/strong><\/p>\n<p>En nombre de la alcaldesa Rosa Bayardo, Diana Jazm\u00edn Virgen Gonz\u00e1lez resalt\u00f3 que UniBeca es uno de los programas m\u00e1s importantes del municipio porte\u00f1o, porque responde directamente a las necesidades de las y los j\u00f3venes que estudian dentro y fuera de Manzanillo.<\/p>\n<p>Record\u00f3 que el Ayuntamiento destina alrededor de 30 millones de pesos al programa, y subray\u00f3: \u201cEstos recursos son de las y los manzanillenses. Antes se repart\u00edan como bonos administrativos, pero hoy se invierten en educaci\u00f3n porque es la mejor apuesta para el futuro\u201d.<\/p>\n<p>Pidi\u00f3 a las y los beneficiados utilizar el apoyo con responsabilidad y record\u00f3 que el municipio tambi\u00e9n cuenta con becas complementarias para deportistas, artistas y estudiantes de movilidad acad\u00e9mica.<\/p>\n<p>Agradeci\u00f3 a la Universidad de Colima por facilitar el espacio y reconoci\u00f3 al equipo operativo de UniBeca, encargado de llevar estas entregas a todos los municipios donde estudian j\u00f3venes originarios de Manzanillo.<\/p>\n","protected":false},"excerpt":{"rendered":"<p>Este mi\u00e9rcoles, en la explanada de la Facultad de Contabilidad y Administraci\u00f3n del campus central de la Universidad de Colima, se realiz\u00f3 una nueva entrega de recursos del programa UniBeca, mediante el cual el Ayuntamiento de Manzanillo, encabezado por la presidenta Rosa Mar\u00eda Bayardo Cabrera, otorga apoyos econ\u00f3micos a estudiantes originarios de ese municipio que&#8230;<\/p>\n","protected":false},"author":2,"featured_media":33302,"comment_status":"closed","ping_status":"open","sticky":false,"template":"","format":"standard","meta":{"footnotes":""},"categories":[14],"tags":[29,30,28],"class_list":["post-33301","post","type-post","status-publish","format-standard","has-post-thumbnail","hentry","category-educacion-y-cultura","tag-grid","tag-news","tag-slider"],"_links":{"self":[{"href":"http:\/\/elobservatorio.com.mx\/index.php?rest_route=\/wp\/v2\/posts\/33301"}],"collection":[{"href":"http:\/\/elobservatorio.com.mx\/index.php?rest_route=\/wp\/v2\/posts"}],"about":[{"href":"http:\/\/elobservatorio.com.mx\/index.php?rest_route=\/wp\/v2\/types\/post"}],"author":[{"embeddable":true,"href":"http:\/\/elobservatorio.com.mx\/index.php?rest_route=\/wp\/v2\/users\/2"}],"replies":[{"embeddable":true,"href":"http:\/\/elobservatorio.com.mx\/index.php?rest_route=%2Fwp%2Fv2%2Fcomments&post=33301"}],"version-history":[{"count":1,"href":"http:\/\/elobservatorio.com.mx\/index.php?rest_route=\/wp\/v2\/posts\/33301\/revisions"}],"predecessor-version":[{"id":33303,"href":"http:\/\/elobservatorio.com.mx\/index.php?rest_route=\/wp\/v2\/posts\/33301\/revisions\/33303"}],"wp:featuredmedia":[{"embeddable":true,"href":"http:\/\/elobservatorio.com.mx\/index.php?rest_route=\/wp\/v2\/media\/33302"}],"wp:attachment":[{"href":"http:\/\/elobservatorio.com.mx\/index.php?rest_route=%2Fwp%2Fv2%2Fmedia&parent=33301"}],"wp:term":[{"taxonomy":"category","embeddable":true,"href":"http:\/\/elobservatorio.com.mx\/index.php?rest_route=%2Fwp%2Fv2%2Fcategories&post=33301"},{"taxonomy":"post_tag","embeddable":true,"href":"http:\/\/elobservatorio.com.mx\/index.php?rest_route=%2Fwp%2Fv2%2Ftags&post=33301"}],"curies":[{"name":"wp","href":"https:\/\/api.w.org\/{rel}","templated":true}]}}