{"id":33304,"date":"2025-12-11T08:05:23","date_gmt":"2025-12-11T14:05:23","guid":{"rendered":"http:\/\/elobservatorio.com.mx\/?p=33304"},"modified":"2025-12-11T08:05:23","modified_gmt":"2025-12-11T14:05:23","slug":"destaca-vinculacion-universitaria-en-generacion-de-ingresos-y-transferencia-de-conocimiento","status":"publish","type":"post","link":"http:\/\/elobservatorio.com.mx\/?p=33304","title":{"rendered":"Destaca vinculaci\u00f3n universitaria en generaci\u00f3n de ingresos y transferencia de conocimiento"},"content":{"rendered":"<p><em>* \u201cEstos resultados no ser\u00edan posibles sin la participaci\u00f3n de quienes, desde distintas \u00e1reas de especializaci\u00f3n, contribuyen a fortalecer este trabajo institucional\u201d: Javier Solorio.<\/em><\/p>\n<p>En la segunda jornada de rendici\u00f3n de cuenta, \u00d3scar Javier Solorio P\u00e9rez, coordinador general de Vinculaci\u00f3n de la Universidad de Colima, rindi\u00f3 su informe de labores 2025 ante el rector Christian Torres Ortiz Zerme\u00f1o y funcionarios universitario, este mi\u00e9rcoles 10 de diciembre en el Paraninfo Universitario.<\/p>\n<p>En su informe dio cuenta de los avances, resultados e impactos derivados del trabajo colaborativo entre las diversas dependencias universitarias que integran esta coordinaci\u00f3n: las direcciones generales de Educaci\u00f3n Continua, Innovaci\u00f3n y Emprendimiento y Servicios Especializados.<\/p>\n<p>Javier Solorio destac\u00f3 que los logros expuestos representan el esfuerzo conjunto de una amplia comunidad universitaria: \u201cEstos resultados no ser\u00edan posibles sin la participaci\u00f3n de quienes, desde distintas \u00e1reas de especializaci\u00f3n, contribuyen a fortalecer este trabajo institucional\u201d.<\/p>\n<p>En este sentido, se\u00f1al\u00f3 que el lema \u201cVinculaci\u00f3n: un lugar para todas y todos\u201d constituye un reconocimiento al compromiso de los equipos acad\u00e9micos, administrativos y directivos que se suman a las actividades de vinculaci\u00f3n.<\/p>\n<p>Coment\u00f3 que la Universidad de Colima se mantiene como referente regional en la generaci\u00f3n de ingresos por actividades productivas dentro de la Regi\u00f3n Centro Occidente de ANUIES, junto con la Universidad de Guadalajara, lo que evidencia \u201cun dinamismo institucional que se adapta, se transforma y responde a las necesidades del entorno\u201d.<\/p>\n<p>Entre los avances m\u00e1s relevantes destac\u00f3 la puesta en marcha de Ucol DIGITAL, iniciativa que marca la transici\u00f3n hacia un modelo de educaci\u00f3n continua en modalidad <em>\u201conline, on demand\u201d<\/em>, con el prop\u00f3sito de ampliar la cobertura y diversificar la oferta formativa para p\u00fablicos locales, nacionales e internacionales.<\/p>\n<p>Este proyecto -dijo- implica la adopci\u00f3n de nuevos esquemas de transferencia de capacidades, licenciamiento, comercializaci\u00f3n y pago.<\/p>\n<p>Derivado de estas capacidades, desarrollaron dos cursos licenciados con las empresas TRANSICI\u00d3N y DATLAS, as\u00ed como dos alineaciones a est\u00e1ndares del CONOCER, distribuidas mediante plataforma digital y esquemas de comercio electr\u00f3nico.<\/p>\n<p>En materia de innovaci\u00f3n universitaria, inform\u00f3 la creaci\u00f3n de Arteriolab, primera empresa de base tecnol\u00f3gica derivada del proyecto de investigaci\u00f3n ArterioFlow. Esta iniciativa, coordinada por el Dr. Carlos Escobar del Pozo, representa un avance significativo hacia la transferencia de conocimiento, la presentaci\u00f3n de la primera solicitud de patente PCT de la instituci\u00f3n y la consolidaci\u00f3n de la primera <em>spin-off<\/em> universitaria.<\/p>\n<p>La patente PCT o Tratado de Cooperaci\u00f3n en materia de Patentes, es un sistema internacional administrado por la OMPI que permite presentar una sola solicitud de patente con efecto en m\u00e1s de 150 pa\u00edses miembros, sin otorgar una patente global directa.<\/p>\n<p>Coment\u00f3 que la reorganizaci\u00f3n institucional ha permitido a la Coordinaci\u00f3n General de Vinculaci\u00f3n focalizar los procesos de emprendimiento, incubaci\u00f3n y aceleraci\u00f3n; consolidar los trabajos de la Direcci\u00f3n General de Innovaci\u00f3n y Emprendimiento, integrar la certificaci\u00f3n de competencias a los procesos de educaci\u00f3n continua, fortalecer el seguimiento de egresados como fuente estrat\u00e9gica para la actualizaci\u00f3n del perfil profesional y sentar las bases para la operaci\u00f3n del cat\u00e1logo institucional de servicios.<\/p>\n<p>Dijo que la regulaci\u00f3n de derechos de propiedad intelectual del acervo cultural universitario, as\u00ed como el proyecto musical \u201cEl rey de Am\u00e9rica\u201d, del Mariachi Universidad de Colima, realizado en colaboraci\u00f3n con la Fundaci\u00f3n Expo Compositores, favorecieron la difusi\u00f3n cultural y la presencia de la UdeC en circuitos art\u00edsticos nacionales y en la industria profesional.<\/p>\n<p>Javier Solorio inform\u00f3 que la entrada en vigor de los nuevos Lineamientos en materia de Vinculaci\u00f3n posiciona a la Universidad de Colima a la vanguardia nacional. Asimismo, destac\u00f3 la consolidaci\u00f3n del Fondo de Fortalecimiento de la Vinculaci\u00f3n, que permite reinvertir en capacidades institucionales y mejorar el modelo de vinculaci\u00f3n basado en la transferencia de tecnolog\u00eda y conocimiento.<\/p>\n<p>Inform\u00f3 que la Universidad fortaleci\u00f3 su participaci\u00f3n en la Red Internacional EPIC-LAC y en el Congreso SRI 2025 (Chicago), logrando la publicaci\u00f3n del art\u00edculo \u201cMieles de Colima: caracterizaci\u00f3n palinol\u00f3gica y alternativas de producci\u00f3n\u201d en un compendio internacional de pr\u00e1cticas sustentables.<\/p>\n<p>Se\u00f1al\u00f3 que se obtuvo financiamiento por m\u00e1s de 40 mil libras esterlinas por parte del Gobierno del Reino Unido, para proyectos en colaboraci\u00f3n con la Queen Mary University of London, a trav\u00e9s del \u00e1rea de Desarrollo Sostenible.<\/p>\n<p>Agreg\u00f3 que se tiene participaci\u00f3n en la Manifestaci\u00f3n de Impacto Ambiental del proyecto de ampliaci\u00f3n del Puerto de Manzanillo, uno de los m\u00e1s relevantes a nivel nacional, reafirmando la solvencia t\u00e9cnica y compromiso ambiental de la Universidad de Colima.<\/p>\n<p>Finalmente, inform\u00f3 que se inici\u00f3 con el esquema de certificaci\u00f3n \u201cHuella de Oro\u201d para la industria salinera colimense, orientado a elevar est\u00e1ndares de calidad y fortalecer la competitividad del sector.<\/p>\n<p>&nbsp;<\/p>\n","protected":false},"excerpt":{"rendered":"<p>* \u201cEstos resultados no ser\u00edan posibles sin la participaci\u00f3n de quienes, desde distintas \u00e1reas de especializaci\u00f3n, contribuyen a fortalecer este trabajo institucional\u201d: Javier Solorio. En la segunda jornada de rendici\u00f3n de cuenta, \u00d3scar Javier Solorio P\u00e9rez, coordinador general de Vinculaci\u00f3n de la Universidad de Colima, rindi\u00f3 su informe de labores 2025 ante el rector Christian&#8230;<\/p>\n","protected":false},"author":2,"featured_media":33305,"comment_status":"closed","ping_status":"open","sticky":false,"template":"","format":"standard","meta":{"footnotes":""},"categories":[14],"tags":[29,30,28],"class_list":["post-33304","post","type-post","status-publish","format-standard","has-post-thumbnail","hentry","category-educacion-y-cultura","tag-grid","tag-news","tag-slider"],"_links":{"self":[{"href":"http:\/\/elobservatorio.com.mx\/index.php?rest_route=\/wp\/v2\/posts\/33304"}],"collection":[{"href":"http:\/\/elobservatorio.com.mx\/index.php?rest_route=\/wp\/v2\/posts"}],"about":[{"href":"http:\/\/elobservatorio.com.mx\/index.php?rest_route=\/wp\/v2\/types\/post"}],"author":[{"embeddable":true,"href":"http:\/\/elobservatorio.com.mx\/index.php?rest_route=\/wp\/v2\/users\/2"}],"replies":[{"embeddable":true,"href":"http:\/\/elobservatorio.com.mx\/index.php?rest_route=%2Fwp%2Fv2%2Fcomments&post=33304"}],"version-history":[{"count":1,"href":"http:\/\/elobservatorio.com.mx\/index.php?rest_route=\/wp\/v2\/posts\/33304\/revisions"}],"predecessor-version":[{"id":33306,"href":"http:\/\/elobservatorio.com.mx\/index.php?rest_route=\/wp\/v2\/posts\/33304\/revisions\/33306"}],"wp:featuredmedia":[{"embeddable":true,"href":"http:\/\/elobservatorio.com.mx\/index.php?rest_route=\/wp\/v2\/media\/33305"}],"wp:attachment":[{"href":"http:\/\/elobservatorio.com.mx\/index.php?rest_route=%2Fwp%2Fv2%2Fmedia&parent=33304"}],"wp:term":[{"taxonomy":"category","embeddable":true,"href":"http:\/\/elobservatorio.com.mx\/index.php?rest_route=%2Fwp%2Fv2%2Fcategories&post=33304"},{"taxonomy":"post_tag","embeddable":true,"href":"http:\/\/elobservatorio.com.mx\/index.php?rest_route=%2Fwp%2Fv2%2Ftags&post=33304"}],"curies":[{"name":"wp","href":"https:\/\/api.w.org\/{rel}","templated":true}]}}