{"id":33310,"date":"2025-12-11T08:48:55","date_gmt":"2025-12-11T14:48:55","guid":{"rendered":"http:\/\/elobservatorio.com.mx\/?p=33310"},"modified":"2025-12-11T08:48:55","modified_gmt":"2025-12-11T14:48:55","slug":"ganan-bachilleratos-4-y-34-el-primer-concurso-de-nacimiento-tradicional-mexicano-en-bachilleratos","status":"publish","type":"post","link":"http:\/\/elobservatorio.com.mx\/?p=33310","title":{"rendered":"Ganan Bachilleratos 4 y 34 el Primer Concurso de Nacimiento Tradicional Mexicano, en Bachilleratos"},"content":{"rendered":"<p><em>* Estas iniciativas son fundamentales para el rescate y la revitalizaci\u00f3n de tradiciones mexicanas, al involucrar activamente a j\u00f3venes en la valoraci\u00f3n de su cultura y fomentar un sentido de identidad y cohesi\u00f3n dentro de las escuelas.<\/em><\/p>\n<p>En noviembre, la Direcci\u00f3n General de Educaci\u00f3n Media Superior de la Universidad de Colima lanz\u00f3 la convocatoria del Primer Concurso de Nacimiento Tradicional Mexicano, dirigido a los bachilleratos universitarios con el prop\u00f3sito de promover y difundir el arte popular como patrimonio cultural, adem\u00e1s de fortalecer la uni\u00f3n entre la comunidad escolar.<\/p>\n<p>Este concurso invit\u00f3 a los equipos de directivos y estudiantes de cada bachillerato a organizar en conjunto la creaci\u00f3n y montaje de un nacimiento tradicional mexicano. Entre los criterios de valoraci\u00f3n figuraron la justificaci\u00f3n conceptual, la conexi\u00f3n con las tradiciones y la narrativa simb\u00f3lica plasmada en cada obra.<\/p>\n<p>Participaron nueve bachilleratos, destacando el talento y compromiso de la comunidad educativa. El Primer lugar fue otorgado a los Bachilleratos 4 y 34, quienes demostraron un dise\u00f1o original y con profundo respeto por las tradiciones mexicanas. El Segundo y Tercer lugar correspondieron a los bachilleratos 31 y 26, respectivamente, que tambi\u00e9n destacaron por su dedicaci\u00f3n y creatividad.<\/p>\n<p>Este tipo de iniciativas resultan fundamentales para el rescate y la revitalizaci\u00f3n de tradiciones mexicanas, al involucrar activamente a j\u00f3venes en la valoraci\u00f3n de su cultura y fomentar un sentido de identidad y cohesi\u00f3n dentro de las escuelas.<\/p>\n","protected":false},"excerpt":{"rendered":"<p>* Estas iniciativas son fundamentales para el rescate y la revitalizaci\u00f3n de tradiciones mexicanas, al involucrar activamente a j\u00f3venes en la valoraci\u00f3n de su cultura y fomentar un sentido de identidad y cohesi\u00f3n dentro de las escuelas. En noviembre, la Direcci\u00f3n General de Educaci\u00f3n Media Superior de la Universidad de Colima lanz\u00f3 la convocatoria del&#8230;<\/p>\n","protected":false},"author":2,"featured_media":33311,"comment_status":"closed","ping_status":"open","sticky":false,"template":"","format":"standard","meta":{"footnotes":""},"categories":[14],"tags":[29,30,28],"class_list":["post-33310","post","type-post","status-publish","format-standard","has-post-thumbnail","hentry","category-educacion-y-cultura","tag-grid","tag-news","tag-slider"],"_links":{"self":[{"href":"http:\/\/elobservatorio.com.mx\/index.php?rest_route=\/wp\/v2\/posts\/33310"}],"collection":[{"href":"http:\/\/elobservatorio.com.mx\/index.php?rest_route=\/wp\/v2\/posts"}],"about":[{"href":"http:\/\/elobservatorio.com.mx\/index.php?rest_route=\/wp\/v2\/types\/post"}],"author":[{"embeddable":true,"href":"http:\/\/elobservatorio.com.mx\/index.php?rest_route=\/wp\/v2\/users\/2"}],"replies":[{"embeddable":true,"href":"http:\/\/elobservatorio.com.mx\/index.php?rest_route=%2Fwp%2Fv2%2Fcomments&post=33310"}],"version-history":[{"count":2,"href":"http:\/\/elobservatorio.com.mx\/index.php?rest_route=\/wp\/v2\/posts\/33310\/revisions"}],"predecessor-version":[{"id":33313,"href":"http:\/\/elobservatorio.com.mx\/index.php?rest_route=\/wp\/v2\/posts\/33310\/revisions\/33313"}],"wp:featuredmedia":[{"embeddable":true,"href":"http:\/\/elobservatorio.com.mx\/index.php?rest_route=\/wp\/v2\/media\/33311"}],"wp:attachment":[{"href":"http:\/\/elobservatorio.com.mx\/index.php?rest_route=%2Fwp%2Fv2%2Fmedia&parent=33310"}],"wp:term":[{"taxonomy":"category","embeddable":true,"href":"http:\/\/elobservatorio.com.mx\/index.php?rest_route=%2Fwp%2Fv2%2Fcategories&post=33310"},{"taxonomy":"post_tag","embeddable":true,"href":"http:\/\/elobservatorio.com.mx\/index.php?rest_route=%2Fwp%2Fv2%2Ftags&post=33310"}],"curies":[{"name":"wp","href":"https:\/\/api.w.org\/{rel}","templated":true}]}}