{"id":33328,"date":"2025-12-11T10:04:54","date_gmt":"2025-12-11T16:04:54","guid":{"rendered":"http:\/\/elobservatorio.com.mx\/?p=33328"},"modified":"2025-12-11T10:04:54","modified_gmt":"2025-12-11T16:04:54","slug":"el-pan-tecoman-ofrece-posada-navidena-a-su-militancia","status":"publish","type":"post","link":"http:\/\/elobservatorio.com.mx\/?p=33328","title":{"rendered":"El PAN Tecom\u00e1n ofrece posada navide\u00f1a a su militancia"},"content":{"rendered":"<p>* Los invitados especiales son ustedes, la militancia y familia Panista, dice Jorge Pasi\u00f3n<\/p>\n<p>Est\u00e1 noche, la dirigencia municipal del Partido Acci\u00f3n Nacional de Tecom\u00e1n, encabezada por el Licenciado Jorge Pasi\u00f3n, llevo a cabo la tradicional posada.<\/p>\n<p>Durante su intervenci\u00f3n, Jorge Pasi\u00f3n, agradeci\u00f3 a la militancia y simpatizantes el asistir a esta convocatoria que se hizo para disfrutar de una noche agradable en familia, reiterando el compromiso de trabajar en conjunto con la misma militancia y que en pr\u00f3ximos d\u00edas, continuar\u00e1n con el trabajo que hace d\u00edas se di\u00f3 inicio.<\/p>\n<p>Angelica Cervantes, secretaria general del comit\u00e9, dijo que cada a\u00f1o se realiza esta tradicional posada y que en esta ocasi\u00f3n no iba a ser la excepci\u00f3n para convivir.<\/p>\n<p>Por su parte, Adriana Jim\u00e9nez, Rafael Mendoza y German S\u00e1nchez, coincidieron en que desde el comit\u00e9 directivo estatal se cuenta con el respaldo para que la militancia y simpatizantes se trabaje en equipo y se logren los buenos resultados rumbo al 2027.<\/p>\n<p>Por \u00faltimo, Adriana Jim\u00e9nez, dijo que en pr\u00f3ximos d\u00edas, dar\u00e1 inicio en Tecom\u00e1n con acciones en beneficio de las mujeres, mediante la Secretar\u00eda de Promoci\u00f3n Politica de la Mujer que en el municipio encabeza la Dra. Lupita Vidales.<\/p>\n<p>La familia panista de Tecom\u00e1n, disfrutaron de una rica birria, donada por Rafael Mendoza, expresidente municipal de Cuauht\u00e9moc y del Mtro. Riult Rivera, ambos reconocidos militantes panistas.<\/p>\n<p>En el evento estuvieron presentes, acompa\u00f1ando a Jorge Pasi\u00f3n, el licenciado German S\u00e1nchez en representaci\u00f3n de Julia Jim\u00e9nez, presidenta del CDE del PAN, Adriana Jim\u00e9nez secretaria de PPM en el estado, Rafael Mendoza en representaci\u00f3n de Riult Rivera, el Dr. Ivan P\u00e9rez, Vicepresidente de la asociaci\u00f3n Acciones por Salud Colima y la regidora Angelica Cervantes, secretaria general del Comit\u00e9 municipal y Lorena Salas, propietaria de Uni Scann.<\/p>\n","protected":false},"excerpt":{"rendered":"<p>* Los invitados especiales son ustedes, la militancia y familia Panista, dice Jorge Pasi\u00f3n Est\u00e1 noche, la dirigencia municipal del Partido Acci\u00f3n Nacional de Tecom\u00e1n, encabezada por el Licenciado Jorge Pasi\u00f3n, llevo a cabo la tradicional posada. Durante su intervenci\u00f3n, Jorge Pasi\u00f3n, agradeci\u00f3 a la militancia y simpatizantes el asistir a esta convocatoria que se&#8230;<\/p>\n","protected":false},"author":2,"featured_media":33329,"comment_status":"closed","ping_status":"open","sticky":false,"template":"","format":"standard","meta":{"footnotes":""},"categories":[10],"tags":[29,30,28],"class_list":["post-33328","post","type-post","status-publish","format-standard","has-post-thumbnail","hentry","category-politica","tag-grid","tag-news","tag-slider"],"_links":{"self":[{"href":"http:\/\/elobservatorio.com.mx\/index.php?rest_route=\/wp\/v2\/posts\/33328"}],"collection":[{"href":"http:\/\/elobservatorio.com.mx\/index.php?rest_route=\/wp\/v2\/posts"}],"about":[{"href":"http:\/\/elobservatorio.com.mx\/index.php?rest_route=\/wp\/v2\/types\/post"}],"author":[{"embeddable":true,"href":"http:\/\/elobservatorio.com.mx\/index.php?rest_route=\/wp\/v2\/users\/2"}],"replies":[{"embeddable":true,"href":"http:\/\/elobservatorio.com.mx\/index.php?rest_route=%2Fwp%2Fv2%2Fcomments&post=33328"}],"version-history":[{"count":1,"href":"http:\/\/elobservatorio.com.mx\/index.php?rest_route=\/wp\/v2\/posts\/33328\/revisions"}],"predecessor-version":[{"id":33330,"href":"http:\/\/elobservatorio.com.mx\/index.php?rest_route=\/wp\/v2\/posts\/33328\/revisions\/33330"}],"wp:featuredmedia":[{"embeddable":true,"href":"http:\/\/elobservatorio.com.mx\/index.php?rest_route=\/wp\/v2\/media\/33329"}],"wp:attachment":[{"href":"http:\/\/elobservatorio.com.mx\/index.php?rest_route=%2Fwp%2Fv2%2Fmedia&parent=33328"}],"wp:term":[{"taxonomy":"category","embeddable":true,"href":"http:\/\/elobservatorio.com.mx\/index.php?rest_route=%2Fwp%2Fv2%2Fcategories&post=33328"},{"taxonomy":"post_tag","embeddable":true,"href":"http:\/\/elobservatorio.com.mx\/index.php?rest_route=%2Fwp%2Fv2%2Ftags&post=33328"}],"curies":[{"name":"wp","href":"https:\/\/api.w.org\/{rel}","templated":true}]}}