{"id":33388,"date":"2026-01-28T12:11:38","date_gmt":"2026-01-28T18:11:38","guid":{"rendered":"https:\/\/elobservatorio.com.mx\/?p=33388"},"modified":"2026-01-28T12:11:38","modified_gmt":"2026-01-28T18:11:38","slug":"nombran-a-noe-pinto-nuevo-delegado-del-movimiento-territorial-en-tecoman","status":"publish","type":"post","link":"http:\/\/elobservatorio.com.mx\/?p=33388","title":{"rendered":"Nombran a No\u00e9 Pinto nuevo Delegado del Movimiento Territorial en Tecom\u00e1n"},"content":{"rendered":"<div class=\"xdj266r x14z9mp xat24cr x1lziwak x1vvkbs x126k92a\">\n<div dir=\"auto\"><\/div>\n<\/div>\n<div class=\"x14z9mp xat24cr x1lziwak x1vvkbs xtlvy1s x126k92a\">\n<div dir=\"auto\">La ma\u00f1ana de ayer martes, en rueda de prensa en las instalaciones del PRI estatal, el regidor Emilio Aldorica dirigente estatal del Movimiento Territorial (MT) entreg\u00f3 el nombramiento a No\u00e9 Pinto de los Santos como delegado municipal en Tecom\u00e1n del MT.<\/div>\n<\/div>\n<div class=\"x14z9mp xat24cr x1lziwak x1vvkbs xtlvy1s x126k92a\">\n<div dir=\"auto\"><\/div>\n<div dir=\"auto\">Pinto de los Santos militante pri\u00edsta, ex dirigente del MT, ex diputado local, ex dirigente del PRI en Tecom\u00e1n \u201csabemos que con la experiencia y conocimiento en territorio del Lic. No\u00e9 lograremos una excelente estructura en el municipio\u201d se\u00f1al\u00f3 Emilio Aldorica.<\/div>\n<\/div>\n<div class=\"x14z9mp xat24cr x1lziwak x1vvkbs xtlvy1s x126k92a\">\n<div dir=\"auto\"><\/div>\n<div dir=\"auto\">As\u00ed mismo hizo referencia que la dirigencia estatal tanto del MT como del Partido Revolucionario Institucional saben que se llevar\u00e1 una buena coordinaci\u00f3n con la dirigencia municipal del partido.<\/div>\n<\/div>\n<div class=\"x14z9mp xat24cr x1lziwak x1vvkbs xtlvy1s x126k92a\">\n<div dir=\"auto\"><\/div>\n<div dir=\"auto\">No\u00e9 Pinto agradeci\u00f3 la confianza depositada en su persona para llevar los designios de esta organizaci\u00f3n territorial y que sabr\u00e1 dar resultados positivos para el partido.<\/div>\n<\/div>\n<div class=\"x14z9mp xat24cr x1lziwak x1vvkbs xtlvy1s x126k92a\">\n<div dir=\"auto\"><\/div>\n<div dir=\"auto\">As\u00ed mismo hizo compromiso con las dirigencias estatales que en corto tiempo se empezar\u00e1n a ver los resultados del trabajo que se estar\u00e1 realizando en territorio.<\/div>\n<\/div>\n<div class=\"x14z9mp xat24cr x1lziwak x1vvkbs xtlvy1s x126k92a\">\n<div dir=\"auto\"><\/div>\n<div dir=\"auto\">Agradeci\u00f3 a parte de quienes conforman este gran equipo que lo acompa\u00f1\u00f3 y acompa\u00f1ar\u00e1 durante estos trabajos en territorio.<\/div>\n<\/div>\n<div class=\"x14z9mp xat24cr x1lziwak x1vvkbs xtlvy1s x126k92a\">\n<div dir=\"auto\"><\/div>\n<div dir=\"auto\">\u201cVamos a estar trabajando de la mano con amigos y amigas para confirmar los comit\u00e9s sociales de base en el municipio de Tecom\u00e1n, siempre en unidad con la dirigencia en el municipio\u201d, se\u00f1al\u00f3 No\u00e9 Pinto.<\/div>\n<\/div>\n","protected":false},"excerpt":{"rendered":"<p>La ma\u00f1ana de ayer martes, en rueda de prensa en las instalaciones del PRI estatal, el regidor Emilio Aldorica dirigente estatal del Movimiento Territorial (MT) entreg\u00f3 el nombramiento a No\u00e9 Pinto de los Santos como delegado municipal en Tecom\u00e1n del MT. Pinto de los Santos militante pri\u00edsta, ex dirigente del MT, ex diputado local, ex&#8230;<\/p>\n","protected":false},"author":2,"featured_media":33389,"comment_status":"closed","ping_status":"open","sticky":false,"template":"","format":"standard","meta":{"footnotes":""},"categories":[10],"tags":[29,30,28],"class_list":["post-33388","post","type-post","status-publish","format-standard","has-post-thumbnail","hentry","category-politica","tag-grid","tag-news","tag-slider"],"_links":{"self":[{"href":"http:\/\/elobservatorio.com.mx\/index.php?rest_route=\/wp\/v2\/posts\/33388"}],"collection":[{"href":"http:\/\/elobservatorio.com.mx\/index.php?rest_route=\/wp\/v2\/posts"}],"about":[{"href":"http:\/\/elobservatorio.com.mx\/index.php?rest_route=\/wp\/v2\/types\/post"}],"author":[{"embeddable":true,"href":"http:\/\/elobservatorio.com.mx\/index.php?rest_route=\/wp\/v2\/users\/2"}],"replies":[{"embeddable":true,"href":"http:\/\/elobservatorio.com.mx\/index.php?rest_route=%2Fwp%2Fv2%2Fcomments&post=33388"}],"version-history":[{"count":1,"href":"http:\/\/elobservatorio.com.mx\/index.php?rest_route=\/wp\/v2\/posts\/33388\/revisions"}],"predecessor-version":[{"id":33390,"href":"http:\/\/elobservatorio.com.mx\/index.php?rest_route=\/wp\/v2\/posts\/33388\/revisions\/33390"}],"wp:featuredmedia":[{"embeddable":true,"href":"http:\/\/elobservatorio.com.mx\/index.php?rest_route=\/wp\/v2\/media\/33389"}],"wp:attachment":[{"href":"http:\/\/elobservatorio.com.mx\/index.php?rest_route=%2Fwp%2Fv2%2Fmedia&parent=33388"}],"wp:term":[{"taxonomy":"category","embeddable":true,"href":"http:\/\/elobservatorio.com.mx\/index.php?rest_route=%2Fwp%2Fv2%2Fcategories&post=33388"},{"taxonomy":"post_tag","embeddable":true,"href":"http:\/\/elobservatorio.com.mx\/index.php?rest_route=%2Fwp%2Fv2%2Ftags&post=33388"}],"curies":[{"name":"wp","href":"https:\/\/api.w.org\/{rel}","templated":true}]}}