{"id":33391,"date":"2026-01-28T12:47:35","date_gmt":"2026-01-28T18:47:35","guid":{"rendered":"https:\/\/elobservatorio.com.mx\/?p=33391"},"modified":"2026-01-28T12:47:35","modified_gmt":"2026-01-28T18:47:35","slug":"tras-firma-de-convenio-general-con-la-udec-establecen-ruta-de-trabajo-canaco-y-la-facultad-de-mercadotecnia","status":"publish","type":"post","link":"http:\/\/elobservatorio.com.mx\/?p=33391","title":{"rendered":"Tras firma de convenio general con la UdeC, establecen ruta de trabajo CANACO y la Facultad de Mercadotecnia"},"content":{"rendered":"<p><em>*De acuerdo con las y los participantes, este acercamiento promueve un ecosistema de colaboraci\u00f3n que beneficia tanto a la comunidad universitaria como al sector empresarial organizado.<\/em><\/p>\n<p>En d\u00edas recientes, y con el prop\u00f3sito de dar continuidad a las acciones derivadas de la reciente firma del convenio de colaboraci\u00f3n entre la Universidad de Colima y la C\u00e1mara Nacional de Comercio, Servicios y Turismo de Colima (CANACO), integrantes de la Facultad de Mercadotecnia y de esta C\u00e1mara se reunieron para trazar una ruta de trabajo conjunto para el semestre enero-agosto 2026.<\/p>\n<p>El prop\u00f3sito del encuentro fue explorar proyectos acad\u00e9micos, de investigaci\u00f3n y de beneficio mutuo, que fortalezcan la formaci\u00f3n profesional de los y las estudiantes y permitan a integrantes del sector empresarial integrarse de manera activa en procesos educativos, pr\u00e1cticas profesionales, actividades de vinculaci\u00f3n y generaci\u00f3n de conocimiento aplicado.<\/p>\n<p>La comitiva de la CANACO, encabezada por su presidenta, Gabriela Helena G\u00f3mez Brun, estuvo integrada por: Jorge A. Espejel, vicepresidente de Afiliaciones; Roc\u00edo Abril Morales, vicepresidenta del \u00c1rea Legal y Jur\u00eddica; Jos\u00e9 Luis Torres, secretario; Hugo Garc\u00eda, vicepresidente de Franquicias y Gabriel Misael Hern\u00e1ndez, coordinador del \u00c1rea de Comunicaci\u00f3n y Estrategia.<\/p>\n<p>Por la Facultad de Mercadotecnia estuvieron: Jorge Bermeo Garc\u00eda, director del plantel, Patricia Rodr\u00edguez; coordinadora de la Licenciatura en Mercadotecnia y Jos\u00e9 \u00c1ngel Becerra, docente.<\/p>\n<p>Durante la reuni\u00f3n, se abord\u00f3 la importancia de estos acercamientos para fortalecer las competencias profesionales de las y los futuros egresados y favorecer el intercambio de experiencias entre empresarios, acad\u00e9micos y estudiantes. La idea es que este intercambio genere oportunidades de desarrollo profesional y empresarial que impacten positivamente al estado de Colima.<\/p>\n<p>La ruta que establecieron incluye acuerdos de fechas de reuniones con alumnos, entrega de proyectos, y ciertos lineamientos.<\/p>\n<p>De acuerdo con las y los participantes, este acercamiento promueve un ecosistema de colaboraci\u00f3n que beneficia tanto a la comunidad universitaria como al sector empresarial organizado.<\/p>\n<p>&nbsp;<\/p>\n<p>&nbsp;<\/p>\n","protected":false},"excerpt":{"rendered":"<p>*De acuerdo con las y los participantes, este acercamiento promueve un ecosistema de colaboraci\u00f3n que beneficia tanto a la comunidad universitaria como al sector empresarial organizado. En d\u00edas recientes, y con el prop\u00f3sito de dar continuidad a las acciones derivadas de la reciente firma del convenio de colaboraci\u00f3n entre la Universidad de Colima y la&#8230;<\/p>\n","protected":false},"author":2,"featured_media":33392,"comment_status":"closed","ping_status":"open","sticky":false,"template":"","format":"standard","meta":{"footnotes":""},"categories":[14],"tags":[29,30,28],"class_list":["post-33391","post","type-post","status-publish","format-standard","has-post-thumbnail","hentry","category-educacion-y-cultura","tag-grid","tag-news","tag-slider"],"_links":{"self":[{"href":"http:\/\/elobservatorio.com.mx\/index.php?rest_route=\/wp\/v2\/posts\/33391"}],"collection":[{"href":"http:\/\/elobservatorio.com.mx\/index.php?rest_route=\/wp\/v2\/posts"}],"about":[{"href":"http:\/\/elobservatorio.com.mx\/index.php?rest_route=\/wp\/v2\/types\/post"}],"author":[{"embeddable":true,"href":"http:\/\/elobservatorio.com.mx\/index.php?rest_route=\/wp\/v2\/users\/2"}],"replies":[{"embeddable":true,"href":"http:\/\/elobservatorio.com.mx\/index.php?rest_route=%2Fwp%2Fv2%2Fcomments&post=33391"}],"version-history":[{"count":1,"href":"http:\/\/elobservatorio.com.mx\/index.php?rest_route=\/wp\/v2\/posts\/33391\/revisions"}],"predecessor-version":[{"id":33393,"href":"http:\/\/elobservatorio.com.mx\/index.php?rest_route=\/wp\/v2\/posts\/33391\/revisions\/33393"}],"wp:featuredmedia":[{"embeddable":true,"href":"http:\/\/elobservatorio.com.mx\/index.php?rest_route=\/wp\/v2\/media\/33392"}],"wp:attachment":[{"href":"http:\/\/elobservatorio.com.mx\/index.php?rest_route=%2Fwp%2Fv2%2Fmedia&parent=33391"}],"wp:term":[{"taxonomy":"category","embeddable":true,"href":"http:\/\/elobservatorio.com.mx\/index.php?rest_route=%2Fwp%2Fv2%2Fcategories&post=33391"},{"taxonomy":"post_tag","embeddable":true,"href":"http:\/\/elobservatorio.com.mx\/index.php?rest_route=%2Fwp%2Fv2%2Ftags&post=33391"}],"curies":[{"name":"wp","href":"https:\/\/api.w.org\/{rel}","templated":true}]}}