{"id":33394,"date":"2026-01-28T13:00:34","date_gmt":"2026-01-28T19:00:34","guid":{"rendered":"https:\/\/elobservatorio.com.mx\/?p=33394"},"modified":"2026-01-28T13:03:34","modified_gmt":"2026-01-28T19:03:34","slug":"reconocen-a-ganadores-y-ganadoras-de-concursos-de-oratoria-declamacion-y-nacimientos-tradicionales","status":"publish","type":"post","link":"http:\/\/elobservatorio.com.mx\/?p=33394","title":{"rendered":"Reconocen a ganadores y ganadoras de concursos de Oratoria, Declamaci\u00f3n y Nacimientos Tradicionales"},"content":{"rendered":"<p><em>* Estas actividades \u201crepresentan un eslab\u00f3n fundamental para el desarrollo integral del estudiantado, al fortalecer habilidades expresivas, discursivas y creativas en contextos contempor\u00e1neos de relevancia social\u201d: Marcial Avi\u00f1a.<\/em><\/p>\n<p>Este martes, la Universidad de Colima (UdeC) llev\u00f3 a cabo un evento en el auditorio del Bachillerato 1, para entregar reconocimientos a estudiantes de educaci\u00f3n media superior que destacaron en los concursos de declamaci\u00f3n, oratoria y Nacimientos Tradicionales Mexicanos convocados por la Direcci\u00f3n General de Educaci\u00f3n Media Superior.<\/p>\n<p>Marcial Avi\u00f1a Iglesias, responsable de la organizaci\u00f3n de los concursos, y quien asisti\u00f3 en representaci\u00f3n de Mart\u00edn Robles de Anda, director general de Educaci\u00f3n Media Superior, dijo que estas actividades \u201crepresentan un eslab\u00f3n fundamental para el desarrollo integral del estudiantado, al fortalecer habilidades expresivas, discursivas y creativas en contextos contempor\u00e1neos de relevancia social\u201d.<\/p>\n<p>Asimismo, subray\u00f3 la importancia de promover valores como la inclusi\u00f3n, el respeto, la responsabilidad social y el sentido de pertenencia institucional. \u201cEstos eventos no solo consolidan el talento y la integridad juvenil, sino que fomentan el di\u00e1logo y la reflexi\u00f3n entre las nuevas generaciones, contribuyendo as\u00ed a una educaci\u00f3n media superior de calidad y pertinencia social\u201d.<\/p>\n<p>Se\u00f1al\u00f3 que, en su cuarta edici\u00f3n, el concurso de Oratoria se realiz\u00f3 en el marco de festejos del 85 aniversario de la UdeC, resaltando su historia como la primera universidad del estado y su compromiso permanente con la docencia, la investigaci\u00f3n y la extensi\u00f3n de la cultura. El concurso de declamaci\u00f3n -coment\u00f3- dio voz a obras de poetas que laboran en la casa de estudios, \u201cfortaleciendo el v\u00ednculo entre las nuevas generaciones y el patrimonio literario universitario\u201d.<\/p>\n<p>Por su parte, el concurso de Nacimientos Tradicionales Mexicanos, celebrado por vez primera en 2025 -a\u00f1adi\u00f3 Marcial Avi\u00f1a- \u201cpromovi\u00f3 el arte popular, el patrimonio cultural y la uni\u00f3n comunitaria\u201d, destacando el ingenio y la creatividad del estudiantado mediante maquetas y representaciones de gran calidad art\u00edstica.<\/p>\n<p>Durante el evento se entregaron reconocimientos a las y los estudiantes ganadores. En la categor\u00eda de declamaci\u00f3n fueron reconocidos alumnos de los bachilleratos 1, 4 y 18; en oratoria, estudiantes de los bachilleratos 16, 2, 33 y 20, mientras que en la categor\u00eda de Nacimientos Tradicionales Mexicanos se reconoci\u00f3 a los grupos de los bachilleratos 4, 34, 31 y 26.<\/p>\n<p>Eduardo Hern\u00e1ndez Torres, quien represent\u00f3 a Susana Aurelia Preciado Jim\u00e9nez, coordinadora general de Docencia, coincidi\u00f3 en la necesidad de seguir fortaleciendo estos espacios de expresi\u00f3n art\u00edstica y cultural, al considerar que \u201cson habilidades esenciales para la formaci\u00f3n integral, el trabajo en equipo y el crecimiento personal del estudiantado\u201d.<\/p>\n<p>A nombre de los ganadores, Tania Paola Villa Serratos, del Bachillerato 16, dijo que \u201cel verdadero valor del arte radica en la forma en que se crea, se interpreta y se comparte con sensibilidad e intenci\u00f3n\u201d. Agradeci\u00f3 a las autoridades, docentes y familias \u201cpor abrir espacios que permiten a las y los j\u00f3venes expresar su voz e identidad\u201d.<\/p>\n","protected":false},"excerpt":{"rendered":"<p>* Estas actividades \u201crepresentan un eslab\u00f3n fundamental para el desarrollo integral del estudiantado, al fortalecer habilidades expresivas, discursivas y creativas en contextos contempor\u00e1neos de relevancia social\u201d: Marcial Avi\u00f1a. Este martes, la Universidad de Colima (UdeC) llev\u00f3 a cabo un evento en el auditorio del Bachillerato 1, para entregar reconocimientos a estudiantes de educaci\u00f3n media superior&#8230;<\/p>\n","protected":false},"author":2,"featured_media":33397,"comment_status":"closed","ping_status":"open","sticky":false,"template":"","format":"standard","meta":{"footnotes":""},"categories":[14],"tags":[29,30,28],"class_list":["post-33394","post","type-post","status-publish","format-standard","has-post-thumbnail","hentry","category-educacion-y-cultura","tag-grid","tag-news","tag-slider"],"_links":{"self":[{"href":"http:\/\/elobservatorio.com.mx\/index.php?rest_route=\/wp\/v2\/posts\/33394"}],"collection":[{"href":"http:\/\/elobservatorio.com.mx\/index.php?rest_route=\/wp\/v2\/posts"}],"about":[{"href":"http:\/\/elobservatorio.com.mx\/index.php?rest_route=\/wp\/v2\/types\/post"}],"author":[{"embeddable":true,"href":"http:\/\/elobservatorio.com.mx\/index.php?rest_route=\/wp\/v2\/users\/2"}],"replies":[{"embeddable":true,"href":"http:\/\/elobservatorio.com.mx\/index.php?rest_route=%2Fwp%2Fv2%2Fcomments&post=33394"}],"version-history":[{"count":1,"href":"http:\/\/elobservatorio.com.mx\/index.php?rest_route=\/wp\/v2\/posts\/33394\/revisions"}],"predecessor-version":[{"id":33396,"href":"http:\/\/elobservatorio.com.mx\/index.php?rest_route=\/wp\/v2\/posts\/33394\/revisions\/33396"}],"wp:featuredmedia":[{"embeddable":true,"href":"http:\/\/elobservatorio.com.mx\/index.php?rest_route=\/wp\/v2\/media\/33397"}],"wp:attachment":[{"href":"http:\/\/elobservatorio.com.mx\/index.php?rest_route=%2Fwp%2Fv2%2Fmedia&parent=33394"}],"wp:term":[{"taxonomy":"category","embeddable":true,"href":"http:\/\/elobservatorio.com.mx\/index.php?rest_route=%2Fwp%2Fv2%2Fcategories&post=33394"},{"taxonomy":"post_tag","embeddable":true,"href":"http:\/\/elobservatorio.com.mx\/index.php?rest_route=%2Fwp%2Fv2%2Ftags&post=33394"}],"curies":[{"name":"wp","href":"https:\/\/api.w.org\/{rel}","templated":true}]}}