{"id":33407,"date":"2026-01-28T14:21:11","date_gmt":"2026-01-28T20:21:11","guid":{"rendered":"https:\/\/elobservatorio.com.mx\/?p=33407"},"modified":"2026-01-28T14:21:11","modified_gmt":"2026-01-28T20:21:11","slug":"mejorar-50-calles-y-municipalizar-colonias-entre-metas-estrategicas-de-vdea-en-2026","status":"publish","type":"post","link":"http:\/\/elobservatorio.com.mx\/?p=33407","title":{"rendered":"Mejorar 50 calles y municipalizar colonias, entre Metas Estrat\u00e9gicas de VdeA en 2026"},"content":{"rendered":"<p>* Present\u00f3 Tey Guti\u00e9rrez ante Notario P\u00fablico las obras y acciones que su gobierno realizar\u00e1 este a\u00f1o<\/p>\n<p>Villa de \u00c1lvarez, Col.- En la presentaci\u00f3n de las 428 Metas Estrat\u00e9gicas del Programa de Gobierno del A\u00f1o 2026 para Villa de \u00c1lvarez, la Presidenta Tey Guti\u00e9rrez Andrade anunci\u00f3 que este a\u00f1o su gobierno mejorar\u00e1 las condiciones de 50 calles principales, municipalizar\u00e1 al menos cinco colonias y se implementar\u00e1 un programa de mejoramiento de vivienda en apoyo a la econom\u00eda de las familias.<\/p>\n<p>Acompa\u00f1ada por el Rector de la Universidad de Colima, Christian Torres Ortiz Zerme\u00f1o, la Alcaldesa dijo que el cumplimiento de las Metas Estrat\u00e9gicas, firmadas ante el Notario P\u00fablico N\u00famero 13 Rafael Verduzco, ser\u00e1 evaluado por una instancia externa a su gobierno, la UdeC.<\/p>\n<p>Explic\u00f3 que para garantizar el adecuado avance y cumplimiento de las 428 Metas Estrat\u00e9gicas 2026, la Universidad de Colima tendr\u00e1 a su cargo el monitoreo y la evaluaci\u00f3n oportuna de las mismas mediante la experiencia, capacidad y amplia preparaci\u00f3n del cuerpo acad\u00e9mico aglutinado en su Federaci\u00f3n de Egresados.<\/p>\n<p>Para ello, Guti\u00e9rrez Andrade entreg\u00f3 al Rector Universitario las contrase\u00f1as de acceso a la plataforma digital que contiene la informaci\u00f3n con el avance del cumplimiento de cada una de las 428 Metas.<\/p>\n<p>Entre las Metas Estrat\u00e9gicas de este 2026 est\u00e1 la creaeci\u00f3n de dos calendarios para la recolecci\u00f3n de ramas en el 100% de escuelas del municipio; la realizaci\u00f3n de cuatro visitas al a\u00f1o a cada una de las colonias para<br \/>\nla recolecci\u00f3n de ramas y cacharros; efectuar 40 macro brigadas de limpieza en el municipio, y continuar con el programa Veterinario en tu Colonia.<\/p>\n<p>En materia de seguridad ciudadana se dise\u00f1ar\u00e1n dos protocolos, uno de videovigilancia municipal en apoyo a las \u00e1reas de prevenci\u00f3n del delito y otro para la detecci\u00f3n, evaluaci\u00f3n y canalizaci\u00f3n segura y efectiva de adolescentes en situaci\u00f3n de riesgo.<\/p>\n<p>Guti\u00e9rrez Andrade anunci\u00f3 la celebraci\u00f3n de 20 fines de semana culturales en escuelas, barrios, colonias, parques y jardines; la organizaci\u00f3n del Festival Internacional \u201cPalabras al viento: V\u00edctor Chi\u201d, y la creaci\u00f3n de la Liga Municipal Femenil de Futbol 7.<\/p>\n<p>Se fij\u00f3 la meta de incrementar un 10% el n\u00famero de personas colocadas en el mercado laboral respecto al a\u00f1o anterior, realizar tres jornadas de Ferias del Empleo y organizar un Festival Gastron\u00f3mico para fomentar la econom\u00eda de las comunidades rurales del municipio.<\/p>\n<p>Tambi\u00e9n anunci\u00f3 la disminuci\u00f3n de al menos un 15% el rezago en el impuesto predial al terminar el ejercicio 2026, facilitar los servicios de registro civil en las colonias y comunidades, realizando 20 campa\u00f1as de regularizaci\u00f3n, y operar el programa municipal de Salud Visual, otorgando 150 lentes a ni\u00f1os, ni\u00f1as y adolescentes de nivel escolar primaria y\/o secundaria de forma gratuita.<\/p>\n<p>Se ofrecer\u00e1n de manera gratuita 200 mastograf\u00edas a mujeres del municipio para la detecci\u00f3n oportuna del c\u00e1ncer de mama; se beneficiar\u00e1 a 500 familias con al menos un apoyo asistencial directo, priorizando a aquellos grupos con mayor vulnerabilidad, y por cuarto a\u00f1o consecutivo \u201cconstruiremos las instalaciones del \u00fanico programa tur\u00edstico de inclusi\u00f3n social del estado en el Rio San Palmar, de la comunidad de Picachos\u201d.<\/p>\n<p>Tambi\u00e9n anunci\u00f3 la limpieza de los r\u00edos Pereyra, los Limones y El Trejo, en coparticipaci\u00f3n con las c\u00e1maras empresariales CMIC y CANADEVI, como parte de las acciones preventivas para evitar riesgos en la poblaci\u00f3n durante la temporada de lluvia; continuar el programa Reuniendo Familias, dirigido a personas mayores de 57 a\u00f1os que tienen familiares en Estados Unidos, y entregar 100 becas para transporte urbano a estudiantes villalvarenses de nivel medio superior y superior que m\u00e1s lo necesiten.<\/p>\n<p>A la presentaci\u00f3n y firma ante Notario P\u00fablico de las 428 Metas Estrat\u00e9gicas del Programa de Gobierno del A\u00f1o 2026, asistieron el S\u00edndico Municipal, regidores, regidoras; diputadas locales; dirigentes de c\u00e1maras empresariales, comisarios y comisarias municipales, dirigentes de Comit\u00e9s de Barrio y expresidentes municipales de Villa de \u00c1lvarez<\/p>\n","protected":false},"excerpt":{"rendered":"<p>* Present\u00f3 Tey Guti\u00e9rrez ante Notario P\u00fablico las obras y acciones que su gobierno realizar\u00e1 este a\u00f1o Villa de \u00c1lvarez, Col.- En la presentaci\u00f3n de las 428 Metas Estrat\u00e9gicas del Programa de Gobierno del A\u00f1o 2026 para Villa de \u00c1lvarez, la Presidenta Tey Guti\u00e9rrez Andrade anunci\u00f3 que este a\u00f1o su gobierno mejorar\u00e1 las condiciones de&#8230;<\/p>\n","protected":false},"author":2,"featured_media":33408,"comment_status":"closed","ping_status":"open","sticky":false,"template":"","format":"standard","meta":{"footnotes":""},"categories":[8,42],"tags":[29,30,28],"class_list":["post-33407","post","type-post","status-publish","format-standard","has-post-thumbnail","hentry","category-municipios","category-villa-de-alvarez","tag-grid","tag-news","tag-slider"],"_links":{"self":[{"href":"http:\/\/elobservatorio.com.mx\/index.php?rest_route=\/wp\/v2\/posts\/33407"}],"collection":[{"href":"http:\/\/elobservatorio.com.mx\/index.php?rest_route=\/wp\/v2\/posts"}],"about":[{"href":"http:\/\/elobservatorio.com.mx\/index.php?rest_route=\/wp\/v2\/types\/post"}],"author":[{"embeddable":true,"href":"http:\/\/elobservatorio.com.mx\/index.php?rest_route=\/wp\/v2\/users\/2"}],"replies":[{"embeddable":true,"href":"http:\/\/elobservatorio.com.mx\/index.php?rest_route=%2Fwp%2Fv2%2Fcomments&post=33407"}],"version-history":[{"count":1,"href":"http:\/\/elobservatorio.com.mx\/index.php?rest_route=\/wp\/v2\/posts\/33407\/revisions"}],"predecessor-version":[{"id":33409,"href":"http:\/\/elobservatorio.com.mx\/index.php?rest_route=\/wp\/v2\/posts\/33407\/revisions\/33409"}],"wp:featuredmedia":[{"embeddable":true,"href":"http:\/\/elobservatorio.com.mx\/index.php?rest_route=\/wp\/v2\/media\/33408"}],"wp:attachment":[{"href":"http:\/\/elobservatorio.com.mx\/index.php?rest_route=%2Fwp%2Fv2%2Fmedia&parent=33407"}],"wp:term":[{"taxonomy":"category","embeddable":true,"href":"http:\/\/elobservatorio.com.mx\/index.php?rest_route=%2Fwp%2Fv2%2Fcategories&post=33407"},{"taxonomy":"post_tag","embeddable":true,"href":"http:\/\/elobservatorio.com.mx\/index.php?rest_route=%2Fwp%2Fv2%2Ftags&post=33407"}],"curies":[{"name":"wp","href":"https:\/\/api.w.org\/{rel}","templated":true}]}}