{"id":33413,"date":"2026-01-28T15:03:47","date_gmt":"2026-01-28T21:03:47","guid":{"rendered":"https:\/\/elobservatorio.com.mx\/?p=33413"},"modified":"2026-01-28T15:04:10","modified_gmt":"2026-01-28T21:04:10","slug":"regidora-liz-briceno-apoyara-a-maestros-itinerantes-de-mision-cultural","status":"publish","type":"post","link":"http:\/\/elobservatorio.com.mx\/?p=33413","title":{"rendered":"Regidora Liz Brice\u00f1o apoyar\u00e1 a maestros itinerantes de \u00abmisi\u00f3n cultural\u00bb"},"content":{"rendered":"<p><em>* Este grupo de maestros de Tecolapa que se dedican a actividades culturales participar\u00e1n en el teatro del Pueblo este 3 de febrero<\/em><\/p>\n<p>Tecom\u00e1n Col.- Con el objetivo de apoyar la cultura y educaci\u00f3n en el municipio, la regidora por el PT, Liz Brice\u00f1o, atendi\u00f3 una solicitud de apoyo de parte de maestros itinerantes de la comunidad de Tecolapa, en donde solicitan apoyo para transporte a la feria de Tecom\u00e1n, en donde participar\u00e1n en un evento cultural en el Teatro del Pueblo, este 3 de febrero.<\/p>\n<p>Coment\u00f3 que este grupo de maestros participar\u00e1 con una Banda de viento infantil y el Mariachi Amanecer femenil, ambos de la comunidad de Tecolapa .<\/p>\n<p>\u00abSon apoyos para que misi\u00f3n cultural 144\u00a0 \u00abJos\u00e9 Vasconcelos\u00bb se traslade desde su comunidad y participen en el teatro del pueblo el d\u00eda 3 de febrero\u00bb, concluy\u00f3<\/p>\n","protected":false},"excerpt":{"rendered":"<p>* Este grupo de maestros de Tecolapa que se dedican a actividades culturales participar\u00e1n en el teatro del Pueblo este 3 de febrero Tecom\u00e1n Col.- Con el objetivo de apoyar la cultura y educaci\u00f3n en el municipio, la regidora por el PT, Liz Brice\u00f1o, atendi\u00f3 una solicitud de apoyo de parte de maestros itinerantes de&#8230;<\/p>\n","protected":false},"author":2,"featured_media":33414,"comment_status":"closed","ping_status":"open","sticky":false,"template":"","format":"standard","meta":{"footnotes":""},"categories":[8,34],"tags":[29,30,28],"class_list":["post-33413","post","type-post","status-publish","format-standard","has-post-thumbnail","hentry","category-municipios","category-tecoman","tag-grid","tag-news","tag-slider"],"_links":{"self":[{"href":"http:\/\/elobservatorio.com.mx\/index.php?rest_route=\/wp\/v2\/posts\/33413"}],"collection":[{"href":"http:\/\/elobservatorio.com.mx\/index.php?rest_route=\/wp\/v2\/posts"}],"about":[{"href":"http:\/\/elobservatorio.com.mx\/index.php?rest_route=\/wp\/v2\/types\/post"}],"author":[{"embeddable":true,"href":"http:\/\/elobservatorio.com.mx\/index.php?rest_route=\/wp\/v2\/users\/2"}],"replies":[{"embeddable":true,"href":"http:\/\/elobservatorio.com.mx\/index.php?rest_route=%2Fwp%2Fv2%2Fcomments&post=33413"}],"version-history":[{"count":2,"href":"http:\/\/elobservatorio.com.mx\/index.php?rest_route=\/wp\/v2\/posts\/33413\/revisions"}],"predecessor-version":[{"id":33416,"href":"http:\/\/elobservatorio.com.mx\/index.php?rest_route=\/wp\/v2\/posts\/33413\/revisions\/33416"}],"wp:featuredmedia":[{"embeddable":true,"href":"http:\/\/elobservatorio.com.mx\/index.php?rest_route=\/wp\/v2\/media\/33414"}],"wp:attachment":[{"href":"http:\/\/elobservatorio.com.mx\/index.php?rest_route=%2Fwp%2Fv2%2Fmedia&parent=33413"}],"wp:term":[{"taxonomy":"category","embeddable":true,"href":"http:\/\/elobservatorio.com.mx\/index.php?rest_route=%2Fwp%2Fv2%2Fcategories&post=33413"},{"taxonomy":"post_tag","embeddable":true,"href":"http:\/\/elobservatorio.com.mx\/index.php?rest_route=%2Fwp%2Fv2%2Ftags&post=33413"}],"curies":[{"name":"wp","href":"https:\/\/api.w.org\/{rel}","templated":true}]}}