{"id":33417,"date":"2026-01-28T15:15:44","date_gmt":"2026-01-28T21:15:44","guid":{"rendered":"https:\/\/elobservatorio.com.mx\/?p=33417"},"modified":"2026-01-28T15:15:44","modified_gmt":"2026-01-28T21:15:44","slug":"ayuntamiento-de-colima-se-suma-vacunacion-contra-sarampion-influenza-vph-y-covid","status":"publish","type":"post","link":"http:\/\/elobservatorio.com.mx\/?p=33417","title":{"rendered":"Ayuntamiento de Colima, se suma vacunaci\u00f3n contra sarampi\u00f3n, influenza, VPH y COVID."},"content":{"rendered":"<p>Colima, Col., 28 de enero de 2026.- El Ayuntamiento de Colima que preside Riult Rivera Guti\u00e9rrez, a trav\u00e9s de la Comisi\u00f3n de Salud, del Cabildo municipal, se uni\u00f3 a la campa\u00f1a de vacunaci\u00f3n en contra del, sarampi\u00f3n, influenza, virus del papiloma humano y COVID, por lo que se instalo un m\u00f3dulo, en los pasillos de la Presidencia Municipal de Colima.<\/p>\n<p>El m\u00f3dulo de vacunaci\u00f3n, estar\u00e1 funcionando los d\u00edas 28, 29 y 30 de enero, en horario de 9:00 a 13:00 horas y es atendido por personal de la Jurisdicci\u00f3n Sanitaria n\u00famero 1, de la Secretar\u00eda de Salud<\/p>\n<p>El edil capitalino, destac\u00f3 la importancia de sumar esfuerzos con la dependencia de salud, a fin de.proteger a las personas sobre todo ahora que se han incrementado los contagios de sarampi\u00f3n que se han estado registrando a nivel nacional, donde la entidad no ha escapado a ellos.<\/p>\n<p>Aprovechando que actualmente est\u00e1 funcionando un centro de cobro del impuesto predial en el patio central de la presidencia municipal capitalina, se est\u00e1 invitando a las personas que lo deseen a que aprovechen y pasen al m\u00f3dulo de vacunaci\u00f3n para quienes no tengan completo sus esquemas, o que no cuenten con la protecci\u00f3n en contra de estas enfermedades reciban la dosis respectiva.<\/p>\n<p>El personal de la Secretar\u00eda de Salud, est\u00e1 pidiendo a las personas que acudan a recibir la inmunizaci\u00f3n a que lleven su cartilla nacional de salud, a fin de quw se hagan las anotaciones de la vacuna que se les aplique, indic\u00e1ndose que en caso de que no cuenten con ella al momento de presentarse al m\u00f3dulo, se les entrega un comprobante de vacunaci\u00f3n, para que posteriormente se haga la anotaci\u00f3n correspondiente en la cartilla.<\/p>\n<p>El llamado de parte del alcalde Riult Rivera, es en el sentido de que todas las personas acudan a vacunarse en caso de que tengan dudas de haber recibido anteriormente la inmunizaci\u00f3n, y de esta manera frenar la posibilidad de contagio, sobre todo en el caso del sarampi\u00f3n.<\/p>\n","protected":false},"excerpt":{"rendered":"<p>Colima, Col., 28 de enero de 2026.- El Ayuntamiento de Colima que preside Riult Rivera Guti\u00e9rrez, a trav\u00e9s de la Comisi\u00f3n de Salud, del Cabildo municipal, se uni\u00f3 a la campa\u00f1a de vacunaci\u00f3n en contra del, sarampi\u00f3n, influenza, virus del papiloma humano y COVID, por lo que se instalo un m\u00f3dulo, en los pasillos de&#8230;<\/p>\n","protected":false},"author":2,"featured_media":33418,"comment_status":"closed","ping_status":"open","sticky":false,"template":"","format":"standard","meta":{"footnotes":""},"categories":[8,36],"tags":[29,30,28],"class_list":["post-33417","post","type-post","status-publish","format-standard","has-post-thumbnail","hentry","category-municipios","category-colima","tag-grid","tag-news","tag-slider"],"_links":{"self":[{"href":"http:\/\/elobservatorio.com.mx\/index.php?rest_route=\/wp\/v2\/posts\/33417"}],"collection":[{"href":"http:\/\/elobservatorio.com.mx\/index.php?rest_route=\/wp\/v2\/posts"}],"about":[{"href":"http:\/\/elobservatorio.com.mx\/index.php?rest_route=\/wp\/v2\/types\/post"}],"author":[{"embeddable":true,"href":"http:\/\/elobservatorio.com.mx\/index.php?rest_route=\/wp\/v2\/users\/2"}],"replies":[{"embeddable":true,"href":"http:\/\/elobservatorio.com.mx\/index.php?rest_route=%2Fwp%2Fv2%2Fcomments&post=33417"}],"version-history":[{"count":1,"href":"http:\/\/elobservatorio.com.mx\/index.php?rest_route=\/wp\/v2\/posts\/33417\/revisions"}],"predecessor-version":[{"id":33419,"href":"http:\/\/elobservatorio.com.mx\/index.php?rest_route=\/wp\/v2\/posts\/33417\/revisions\/33419"}],"wp:featuredmedia":[{"embeddable":true,"href":"http:\/\/elobservatorio.com.mx\/index.php?rest_route=\/wp\/v2\/media\/33418"}],"wp:attachment":[{"href":"http:\/\/elobservatorio.com.mx\/index.php?rest_route=%2Fwp%2Fv2%2Fmedia&parent=33417"}],"wp:term":[{"taxonomy":"category","embeddable":true,"href":"http:\/\/elobservatorio.com.mx\/index.php?rest_route=%2Fwp%2Fv2%2Fcategories&post=33417"},{"taxonomy":"post_tag","embeddable":true,"href":"http:\/\/elobservatorio.com.mx\/index.php?rest_route=%2Fwp%2Fv2%2Ftags&post=33417"}],"curies":[{"name":"wp","href":"https:\/\/api.w.org\/{rel}","templated":true}]}}