{"id":33422,"date":"2026-01-30T13:16:55","date_gmt":"2026-01-30T19:16:55","guid":{"rendered":"https:\/\/elobservatorio.com.mx\/?p=33422"},"modified":"2026-01-30T13:31:29","modified_gmt":"2026-01-30T19:31:29","slug":"actuemos-colima-ahora-sigue-imparable","status":"publish","type":"post","link":"http:\/\/elobservatorio.com.mx\/?p=33422","title":{"rendered":"Actuemos Colima ahora\u00a0sigue imparable"},"content":{"rendered":"<div>\n<p class=\"x_MsoNormal\"><b><span data-olk-copy-source=\"MessageBody\">PARACA\u00cdDAS<\/span><\/b><\/p>\n<p class=\"x_MsoNormal\"><b>Rogelio Guedea<\/b><\/p>\n<p class=\"x_MsoNormal\">La agrupaci\u00f3n ciudadana\u00a0<i>Actuemos. Colima ahora<\/i>, liderada por el exgobernador Mario Anguiano y ahora con una estructura de m\u00e1s de 450 nuevos integrantes en diversos municipios, se ha ido consolidando como una alternativa ciudadana real para atender necesidades sociales apremiantes.<\/p>\n<p class=\"x_MsoNormal\">No busca promover aspiraciones pol\u00edticas, ni ser un trampol\u00edn pol\u00edtico para intereses particulares, cuanto resolver problem\u00e1ticas de la poblaci\u00f3n colimense, desde la rehabilitaci\u00f3n de parques y jardines, r\u00edos y otros espacios p\u00fablicos, hasta la intervenci\u00f3n en pol\u00edticas regulatorias (en los municipios de Colima y Villa de \u00c1lvarez, por ejemplo) para darle celeridad y eficiencia a los tr\u00e1mites administrativos municipales, no s\u00f3lo para los ciudadanos sino tambi\u00e9n para los empresarios y emprendedores locales.<\/p>\n<p class=\"x_MsoNormal\">Hace poco, por ejemplo, la agrupaci\u00f3n\u00a0<i>Actuemos. Colima<\/i>\u00a0<i>ahora\u00a0<\/i>(y esto es lo que la ha hecho sumar m\u00e1s y m\u00e1s voluntades desde su conformaci\u00f3n, pues en estas acciones participan los mismos ciudadanos), rehabilit\u00f3 completamente el jard\u00edn principal de la colonia La Petrolera, en Manzanillo, con limpieza integral y desbroce, pintura y restauraci\u00f3n, una acci\u00f3n notoria que los colonos hab\u00edan exigido antes sin \u00e9xito.<\/p>\n<p class=\"x_MsoNormal\">Lo mismo hicieron en el Ecoparque Manrique o el jard\u00edn de Santa B\u00e1rbara (de Colima). La agrupaci\u00f3n tambi\u00e9n est\u00e1 atenta a siniestros, como incendios y ataques en zonas vulnerables del estado, sirviendo como canal de comunicaci\u00f3n para necesidades de los colonos. La agrupaci\u00f3n se ha consolidado tambi\u00e9n como un canal de gesti\u00f3n, a trav\u00e9s del cual ofrece la asesor\u00eda t\u00e9cnica y el equipo para resolver problemas antes de que estos escalen.<\/p>\n<p class=\"x_MsoNormal\">Sin prisa pero sin pausa, pues, esta agrupaci\u00f3n est\u00e1 dando muestras de que la ciudadan\u00eda organizada puede realmente marcar la diferencia en rubros \u00edntimamente relacionados con el bienestar y desarrollo social, m\u00e1s all\u00e1 de las omisiones o indiferencia de las autoridades, sin voluntad real para resolver sus problem\u00e1ticas.<\/p>\n<\/div>\n<p>Rogelio Guedea<\/p>\n<div class=\"x_gmail_signature\" dir=\"ltr\" data-smartmail=\"gmail_signature\">\n<div dir=\"ltr\">\n<div>\n<p><a title=\"mailto:rguedea@ucol.mx\" href=\"mailto:rguedea@ucol.mx\" data-linkindex=\"0\">rguedea@ucol.mx<\/a><\/p>\n<div>\n<p><a title=\"mailto:rguedea1974@gmail.com\" href=\"mailto:rguedea1974@gmail.com\" data-linkindex=\"1\">rguedea1974@gmail.com<\/a><\/p>\n<div>website:\u00a0<a title=\"http:\/\/www.rogelioguedea.com\" href=\"http:\/\/www.rogelioguedea.com\/\" target=\"_blank\" rel=\"noopener noreferrer\" data-auth=\"NotApplicable\" data-linkindex=\"2\">www.rogelioguedea.com<\/a><\/div>\n<div>twitter: @rogelioguedea<\/div>\n<\/div>\n<\/div>\n<\/div>\n<\/div>\n","protected":false},"excerpt":{"rendered":"<p>PARACA\u00cdDAS Rogelio Guedea La agrupaci\u00f3n ciudadana\u00a0Actuemos. Colima ahora, liderada por el exgobernador Mario Anguiano y ahora con una estructura de m\u00e1s de 450 nuevos integrantes en diversos municipios, se ha ido consolidando como una alternativa ciudadana real para atender necesidades sociales apremiantes. No busca promover aspiraciones pol\u00edticas, ni ser un trampol\u00edn pol\u00edtico para intereses particulares,&#8230;<\/p>\n","protected":false},"author":2,"featured_media":25398,"comment_status":"closed","ping_status":"open","sticky":false,"template":"","format":"standard","meta":{"footnotes":""},"categories":[11],"tags":[29,30,28],"class_list":["post-33422","post","type-post","status-publish","format-standard","has-post-thumbnail","hentry","category-opinion","tag-grid","tag-news","tag-slider"],"_links":{"self":[{"href":"http:\/\/elobservatorio.com.mx\/index.php?rest_route=\/wp\/v2\/posts\/33422"}],"collection":[{"href":"http:\/\/elobservatorio.com.mx\/index.php?rest_route=\/wp\/v2\/posts"}],"about":[{"href":"http:\/\/elobservatorio.com.mx\/index.php?rest_route=\/wp\/v2\/types\/post"}],"author":[{"embeddable":true,"href":"http:\/\/elobservatorio.com.mx\/index.php?rest_route=\/wp\/v2\/users\/2"}],"replies":[{"embeddable":true,"href":"http:\/\/elobservatorio.com.mx\/index.php?rest_route=%2Fwp%2Fv2%2Fcomments&post=33422"}],"version-history":[{"count":5,"href":"http:\/\/elobservatorio.com.mx\/index.php?rest_route=\/wp\/v2\/posts\/33422\/revisions"}],"predecessor-version":[{"id":33427,"href":"http:\/\/elobservatorio.com.mx\/index.php?rest_route=\/wp\/v2\/posts\/33422\/revisions\/33427"}],"wp:featuredmedia":[{"embeddable":true,"href":"http:\/\/elobservatorio.com.mx\/index.php?rest_route=\/wp\/v2\/media\/25398"}],"wp:attachment":[{"href":"http:\/\/elobservatorio.com.mx\/index.php?rest_route=%2Fwp%2Fv2%2Fmedia&parent=33422"}],"wp:term":[{"taxonomy":"category","embeddable":true,"href":"http:\/\/elobservatorio.com.mx\/index.php?rest_route=%2Fwp%2Fv2%2Fcategories&post=33422"},{"taxonomy":"post_tag","embeddable":true,"href":"http:\/\/elobservatorio.com.mx\/index.php?rest_route=%2Fwp%2Fv2%2Ftags&post=33422"}],"curies":[{"name":"wp","href":"https:\/\/api.w.org\/{rel}","templated":true}]}}