{"id":33434,"date":"2026-01-30T14:15:12","date_gmt":"2026-01-30T20:15:12","guid":{"rendered":"https:\/\/elobservatorio.com.mx\/?p=33434"},"modified":"2026-01-30T14:15:12","modified_gmt":"2026-01-30T20:15:12","slug":"presentan-plan-de-seguridad-para-las-fiestas-de-vdea-participan-los-tres-ordenes-de-gobierno","status":"publish","type":"post","link":"http:\/\/elobservatorio.com.mx\/?p=33434","title":{"rendered":"Presentan Plan de Seguridad para las Fiestas de VdeA; participan los tres \u00f3rdenes de gobierno"},"content":{"rendered":"<p><em>* La Alcaldesa Tey Guti\u00e9rrez agradece el respaldo que brinda el Gobierno del Estado.<\/em><\/p>\n<p>Villa de \u00c1lvarez, Col.- En la presentaci\u00f3n del Plan Operativo de Seguridad y Protecci\u00f3n Integral de la Edici\u00f3n 169 de los Festejos Charrotaurinos de Villa de \u00c1lvarez 2026, se inform\u00f3 que para mantener el orden durante las cabalgatas y en el Recinto Ferial, participar\u00e1n elementos de la Direcci\u00f3n de Seguridad P\u00fablica Municipal, Polic\u00eda Estatal Preventiva, Ej\u00e9rcito Mexicano, Guardia Nacional y Secretar\u00eda de Marina.<\/p>\n<p>Durante la D\u00e9cima Sesi\u00f3n Ordinaria del Consejo Municipal de Seguridad P\u00fablica, y acompa\u00f1ada por Eloy Garc\u00eda Alcaraz, Secretario General de Gobierno, y por representantes de las fuerzas federales de seguridad, la Presidenta Tey Guti\u00e9rrez Andrade agradeci\u00f3 el respaldo de la Gobernadora Indira Vizca\u00edno Silva para que las Fiestas de la Villa est\u00e9n resguardadas y sean muy seguras para los asistentes a las instalaciones de la feria y para quienes participan y observan en las calles las cabalgatas.<\/p>\n<p>Inocencio Guzm\u00e1n, Director de Seguridad P\u00fablica Municipal, se\u00f1al\u00f3 que el objetivo del Operativo es garantizar la seguridad p\u00fablica, la movilidad vial, la protecci\u00f3n civil, la protecci\u00f3n integral de ni\u00f1as, ni\u00f1os y adolescentes en la ruta de las cabalgatas y en los terrenos de la feria, mediante la coordinaci\u00f3n entre dependencias municipales, estatales y federales.<\/p>\n<p>En ese sentido, mencion\u00f3 que la ruta de las cabalgatas, desde el centro de la Ciudad de Colima hasta La Petatera en Villa de \u00c1lvarez, estar\u00e1 resguardada por efectivos de la Secretar\u00eda de Marina, Secretar\u00eda de la Defensa, Guardia Nacional, Direcci\u00f3n de Seguridad P\u00fablica Municipal y Polic\u00eda Estatal Preventiva, con puntos de atenci\u00f3n prehospitalaria coordinados por Protecci\u00f3n Civil.<\/p>\n<p>Para el Recinto Ferial, inform\u00f3 la instalaci\u00f3n de filtros de acceso con revisi\u00f3n preventiva, control de aforo, identificaci\u00f3n de salidas de emergencia y rutas de evacuaci\u00f3n, presencia visible de Polic\u00eda Municipal, Tr\u00e1nsito, Protecci\u00f3n Civil y fuerzas federales, adem\u00e1s de videovigilancia para detectar conductas de riesgo y as\u00ed prevenir el robo de veh\u00edculos en colonias aleda\u00f1as a los terrenos de la Feria.<\/p>\n<p>Expuso que el Operativo contempla tambi\u00e9n el cuidado de ni\u00f1os, ni\u00f1as y adolescentes, esto para prevenir y detectar el trabajo infantil, explotaci\u00f3n, abuso o cualquier forma de violencia contra ese sector de la poblaci\u00f3n, por lo que se ha establecido coordinaci\u00f3n con el DIF Municipal, SIPINNA y PRONNA.<\/p>\n<p>Finalmente, Eloy Garc\u00eda Alcaraz, Secretario General de Gobierno, se\u00f1al\u00f3 que por indicaciones de la Gobernadora Indira Vizca\u00edno Silva, la administraci\u00f3n estatal seguir\u00e1 colaborando con el Ayuntamiento de Villa de \u00c1lvarez y con las fuerzas federales, para garantizar que las fiestas de este a\u00f1o est\u00e9n resguardadas y se desarrollen en un clima de paz y armon\u00eda.<\/p>\n","protected":false},"excerpt":{"rendered":"<p>* La Alcaldesa Tey Guti\u00e9rrez agradece el respaldo que brinda el Gobierno del Estado. Villa de \u00c1lvarez, Col.- En la presentaci\u00f3n del Plan Operativo de Seguridad y Protecci\u00f3n Integral de la Edici\u00f3n 169 de los Festejos Charrotaurinos de Villa de \u00c1lvarez 2026, se inform\u00f3 que para mantener el orden durante las cabalgatas y en el&#8230;<\/p>\n","protected":false},"author":2,"featured_media":33435,"comment_status":"closed","ping_status":"open","sticky":false,"template":"","format":"standard","meta":{"footnotes":""},"categories":[8,42],"tags":[29,30,28],"class_list":["post-33434","post","type-post","status-publish","format-standard","has-post-thumbnail","hentry","category-municipios","category-villa-de-alvarez","tag-grid","tag-news","tag-slider"],"_links":{"self":[{"href":"http:\/\/elobservatorio.com.mx\/index.php?rest_route=\/wp\/v2\/posts\/33434"}],"collection":[{"href":"http:\/\/elobservatorio.com.mx\/index.php?rest_route=\/wp\/v2\/posts"}],"about":[{"href":"http:\/\/elobservatorio.com.mx\/index.php?rest_route=\/wp\/v2\/types\/post"}],"author":[{"embeddable":true,"href":"http:\/\/elobservatorio.com.mx\/index.php?rest_route=\/wp\/v2\/users\/2"}],"replies":[{"embeddable":true,"href":"http:\/\/elobservatorio.com.mx\/index.php?rest_route=%2Fwp%2Fv2%2Fcomments&post=33434"}],"version-history":[{"count":1,"href":"http:\/\/elobservatorio.com.mx\/index.php?rest_route=\/wp\/v2\/posts\/33434\/revisions"}],"predecessor-version":[{"id":33436,"href":"http:\/\/elobservatorio.com.mx\/index.php?rest_route=\/wp\/v2\/posts\/33434\/revisions\/33436"}],"wp:featuredmedia":[{"embeddable":true,"href":"http:\/\/elobservatorio.com.mx\/index.php?rest_route=\/wp\/v2\/media\/33435"}],"wp:attachment":[{"href":"http:\/\/elobservatorio.com.mx\/index.php?rest_route=%2Fwp%2Fv2%2Fmedia&parent=33434"}],"wp:term":[{"taxonomy":"category","embeddable":true,"href":"http:\/\/elobservatorio.com.mx\/index.php?rest_route=%2Fwp%2Fv2%2Fcategories&post=33434"},{"taxonomy":"post_tag","embeddable":true,"href":"http:\/\/elobservatorio.com.mx\/index.php?rest_route=%2Fwp%2Fv2%2Ftags&post=33434"}],"curies":[{"name":"wp","href":"https:\/\/api.w.org\/{rel}","templated":true}]}}