{"id":33437,"date":"2026-01-30T14:32:55","date_gmt":"2026-01-30T20:32:55","guid":{"rendered":"https:\/\/elobservatorio.com.mx\/?p=33437"},"modified":"2026-01-30T14:32:55","modified_gmt":"2026-01-30T20:32:55","slug":"udec-comprometida-con-el-desarrollo-integral-de-las-y-los-jovenes-rector","status":"publish","type":"post","link":"http:\/\/elobservatorio.com.mx\/?p=33437","title":{"rendered":"UdeC, comprometida con el desarrollo\u00a0integral de las y los j\u00f3venes: Rector"},"content":{"rendered":"<p><em>*\u201cQuiero agradecer de coraz\u00f3n a la Universidad de Colima. Nos dimos cuenta de que no estamos solos en la educaci\u00f3n de nuestros hijos y les pedimos que este programa se siga replicando\u201d: Sra. Beatriz Ferm\u00edn.<\/em><\/p>\n<p>Como acto de cierre de la Escuela para Padres, Madres y Tutores del Bachillerato 25 de la Universidad de Colima, este jueves 29 de enero se entregaron 160 constancias a las y los participantes, en una ceremonia realizada en el auditorio de la Casa de la Cultura del Municipio de Comala. Presidieron el evento el rector Christian Jorge Torres Ortiz Zerme\u00f1o y la presidenta Municipal de Comala, Daniela Orozco Pineda.<\/p>\n<p>En su mensaje, el rector habl\u00f3 de un \u201cobjetivo cumplido\u201d porque con este taller para padres, madres y tutores \u201cse podr\u00e1n atender de manera oportuna situaciones de riesgo entre los j\u00f3venes\u201d. Agradeci\u00f3 la gran respuesta que tuvo la primera edici\u00f3n de esta Escuela y dijo que le daba gusto ver entre los y las participantes, \u201crostros de felicidad y satisfacci\u00f3n por la actividad cumplida satisfactoriamente\u201d.<\/p>\n<p>Coment\u00f3 que, adem\u00e1s de la formaci\u00f3n acad\u00e9mica en las aulas, la Universidad de Colima tiene un compromiso con el desarrollo integral de los j\u00f3venes. \u201cLo cierto es que, hoy en d\u00eda, en el complejo mundo en que vivimos, necesitamos llegar a las redes de apoyo que tiene cada joven, y con esta serie de temas que han recibido en la escuela para padres ya cuentan con insumos e informaci\u00f3n pertinente para estrechar la comunicaci\u00f3n con su hijo o hija e identificar conductas de riesgo que podemos resolver si las atendemos a tiempo\u201d.<\/p>\n<p>Finalmente, record\u00f3 que el pr\u00f3ximo martes 3 de febrero la Universidad de Colima recibir\u00e1 alrededor de 30 mil j\u00f3venes que regresan a las aulas, y aunque es una cantidad importante en un estado con poco m\u00e1s de 700 mil habitantes, dijo, \u201cexiste la petici\u00f3n por parte de los gobiernos estatal y federal de abrir espacios para m\u00e1s estudiantes; esto significa un gran esfuerzo para la Universidad; adem\u00e1s, tenemos el reto de garantizar la permanencia de nuestros estudiantes, una tarea que solo podremos afrontar haciendo equipo con los padres, madres y tutores\u201d.<\/p>\n<p>En su mensaje, la directora del Bachillerato 25, Lizbeth Fern\u00e1ndez Rivera, inform\u00f3 que el taller fue posible gracias al trabajo en equipo con la Direcci\u00f3n General de Educaci\u00f3n Continua y una serie de instituciones aliadas como la Comisi\u00f3n Nacional de Derechos Humanos, la Secretar\u00eda de Salud de Gobierno del Estado, la Comisi\u00f3n Estatal de Salud Mental y Adicciones, el gobierno Municipal de Comala, la Caja Popular la Providencia y las asociaciones civiles Huitzilin y Somos una Gran Esperanza de Vida.<\/p>\n<p>\u201cEste grupo de instituciones p\u00fablicas y privadas, as\u00ed como las asociaciones civiles, trabajando de la mano con la Universidad de Colima en beneficio de la sociedad colimense, son una muestra clara de que quien suma no se equivoca\u201d, enfatiz\u00f3.<\/p>\n<p>Lizbeth dijo que de una matr\u00edcula de 246 estudiantes, se entregaron 160 constancias de participaci\u00f3n. \u201cEsta cifra muestra la importancia que tiene la educaci\u00f3n para las familias de los alumnos del plantel y para toda esta comunidad escolar. La Escuela para Madres, Padres y Tutores naci\u00f3 con la convicci\u00f3n de que la educaci\u00f3n no ocurre \u00fanicamente en las aulas; se construye todos los d\u00edas desde casa, en el di\u00e1logo, el acompa\u00f1amiento, en la escucha atenta y el ejemplo\u201d.<\/p>\n<p>Finalmente, se\u00f1al\u00f3 que los participantes de este curso decidieron regalar tiempo, reflexi\u00f3n y disposici\u00f3n para fortalecer sus herramientas como formadores. \u201cEso habla de un compromiso profundo con el bienestar y el desarrollo integral de sus hijas e hijos. Estoy segura de que su participaci\u00f3n tendr\u00e1 un impacto directo en la vida acad\u00e9mica, emocional y personal de cada uno de nuestros estudiantes\u201d.<\/p>\n<p>A nombre de los padres y madres de familia participantes, la se\u00f1ora Beatriz Ferm\u00edn C\u00e1rdenas se\u00f1al\u00f3 que para muchos es la primera vez que realizan una actividad de este tipo. \u201cA pesar de las dudas que surgieron al principio, con el transcurso de las sesiones nos dimos cuenta de que s\u00ed nos hac\u00eda falta conocer muchos de estos temas. El curso nos dio herramientas para entender mejor a nuestros hijos, para acompa\u00f1arlos y guiarlos en esta etapa tan dif\u00edcil que es la adolescencia\u201d.<\/p>\n<p>Finalmente, dijo que los temas que a ella le interesaron fueron: la cultura de paz y el manejo sano de las finanzas, as\u00ed como los aspectos en los que se debe poner atenci\u00f3n para cuidar la salud mental y f\u00edsica de los adolescentes. \u201cQuiero agradecer de coraz\u00f3n a la Universidad de Colima. Nos dimos cuenta de que no estamos solos en la educaci\u00f3n de nuestros hijos y les pedimos que este programa se siga replicando\u201d.<\/p>\n<p>En el evento tambi\u00e9n estuvieron el delegado del Campus Villa de \u00c1lvarez, Carlos Alberto Montes Carbajal; el director general de Orientaci\u00f3n Educativa y Vocacional, Juan Carlos Meza Romero; el coordinador general de Vinculaci\u00f3n, Oscar Javier Solorio P\u00e9rez y el comisionado estatal de Salud Mental y Adicciones, Guillermo Blanco Govea, entre otros.<\/p>\n<p>&nbsp;<\/p>\n<p>&nbsp;<\/p>\n","protected":false},"excerpt":{"rendered":"<p>*\u201cQuiero agradecer de coraz\u00f3n a la Universidad de Colima. Nos dimos cuenta de que no estamos solos en la educaci\u00f3n de nuestros hijos y les pedimos que este programa se siga replicando\u201d: Sra. Beatriz Ferm\u00edn. Como acto de cierre de la Escuela para Padres, Madres y Tutores del Bachillerato 25 de la Universidad de Colima,&#8230;<\/p>\n","protected":false},"author":2,"featured_media":33438,"comment_status":"closed","ping_status":"open","sticky":false,"template":"","format":"standard","meta":{"footnotes":""},"categories":[14],"tags":[29,30,28],"class_list":["post-33437","post","type-post","status-publish","format-standard","has-post-thumbnail","hentry","category-educacion-y-cultura","tag-grid","tag-news","tag-slider"],"_links":{"self":[{"href":"http:\/\/elobservatorio.com.mx\/index.php?rest_route=\/wp\/v2\/posts\/33437"}],"collection":[{"href":"http:\/\/elobservatorio.com.mx\/index.php?rest_route=\/wp\/v2\/posts"}],"about":[{"href":"http:\/\/elobservatorio.com.mx\/index.php?rest_route=\/wp\/v2\/types\/post"}],"author":[{"embeddable":true,"href":"http:\/\/elobservatorio.com.mx\/index.php?rest_route=\/wp\/v2\/users\/2"}],"replies":[{"embeddable":true,"href":"http:\/\/elobservatorio.com.mx\/index.php?rest_route=%2Fwp%2Fv2%2Fcomments&post=33437"}],"version-history":[{"count":1,"href":"http:\/\/elobservatorio.com.mx\/index.php?rest_route=\/wp\/v2\/posts\/33437\/revisions"}],"predecessor-version":[{"id":33439,"href":"http:\/\/elobservatorio.com.mx\/index.php?rest_route=\/wp\/v2\/posts\/33437\/revisions\/33439"}],"wp:featuredmedia":[{"embeddable":true,"href":"http:\/\/elobservatorio.com.mx\/index.php?rest_route=\/wp\/v2\/media\/33438"}],"wp:attachment":[{"href":"http:\/\/elobservatorio.com.mx\/index.php?rest_route=%2Fwp%2Fv2%2Fmedia&parent=33437"}],"wp:term":[{"taxonomy":"category","embeddable":true,"href":"http:\/\/elobservatorio.com.mx\/index.php?rest_route=%2Fwp%2Fv2%2Fcategories&post=33437"},{"taxonomy":"post_tag","embeddable":true,"href":"http:\/\/elobservatorio.com.mx\/index.php?rest_route=%2Fwp%2Fv2%2Ftags&post=33437"}],"curies":[{"name":"wp","href":"https:\/\/api.w.org\/{rel}","templated":true}]}}