{"id":33440,"date":"2026-01-30T14:46:45","date_gmt":"2026-01-30T20:46:45","guid":{"rendered":"https:\/\/elobservatorio.com.mx\/?p=33440"},"modified":"2026-01-30T14:46:45","modified_gmt":"2026-01-30T20:46:45","slug":"realizan-academicos-primer-coloquio-de-ingenieria-y-tecnologias-emergentes","status":"publish","type":"post","link":"http:\/\/elobservatorio.com.mx\/?p=33440","title":{"rendered":"Realizan acad\u00e9micos primer Coloquio de Ingenier\u00eda y Tecnolog\u00edas Emergentes"},"content":{"rendered":"<p><em>*Durante la ma\u00f1ana, en formato h\u00edbrido, ocho acad\u00e9micos presentaron las tendencias actuales en inteligencia artificial, internet de las cosas, tecnolog\u00edas emergentes, ingenier\u00eda y ciberseguridad, entre otros temas.<\/em><\/p>\n<p>Con el fin de generar un espacio de convergencia para la innovaci\u00f3n, la inteligencia artificial y el desarrollo tecnol\u00f3gico en la Universidad de Colima, este jueves 29 de enero profesores-investigadores de la Facultad de Ingenier\u00eda Mec\u00e1nica y El\u00e9ctrica (FIME), campus Coquimatl\u00e1n, realizaron el primer Coloquio de Ingenier\u00eda y Tecnolog\u00edas Emergentes (CITE 2026)<\/p>\n<p>Durante la ma\u00f1ana, en formato h\u00edbrido, ocho acad\u00e9micos presentaron las tendencias actuales en inteligencia artificial, internet de las cosas, tecnolog\u00edas emergentes, ingenier\u00eda y ciberseguridad, para potenciar la formaci\u00f3n acad\u00e9mica y motivar en estudiantes del plantel el inter\u00e9s por la investigaci\u00f3n, la innovaci\u00f3n y el desarrollo tecnol\u00f3gico.<\/p>\n<p>En la inauguraci\u00f3n el delegado en Coquimatl\u00e1n, Jes\u00fas Omar Brizuela Padilla, dijo que la FIME es un plantel que \u201cdestaca en temas de inteligencia artificial y ciencia de datos, tanto, que cuenta con una nueva ingenier\u00eda de datos e inteligencia artificial\u201d.<\/p>\n<p>Brizuela Padilla destac\u00f3 el inter\u00e9s, organizaci\u00f3n y tiempo que los profesores Walter Mata, Jos\u00e9 Luis \u00c1lvarez y Marcelo Maciel destinan para realizar este coloquio.<\/p>\n<p>La conferencia inaugural fue del director de la FIME, V\u00edctor Hugo Castillo Topete, quien habl\u00f3 de la \u201cIA en apoyo a la toma de decisiones m\u00e9dicas\u201d.<\/p>\n<p>Castillo Topete habl\u00f3 de dos aplicaciones de la IA como herramienta para la toma de decisiones m\u00e9dicas, una es sobre el manejo de expedientes m\u00e9dicos electr\u00f3nicos y otra sobre la predicci\u00f3n del rompimiento de aneurismas cerebrales.<\/p>\n<p>Coment\u00f3 que, a diferencia de los diagn\u00f3sticos actuales, mediante la IA se pueden conocer datos como el tama\u00f1o, la posici\u00f3n, historia cl\u00ednica y movimiento de la sangre, adem\u00e1s de ofrecer una comparaci\u00f3n con bases de datos, an\u00e1lisis de escenarios, \u00edndice de ruptura y hacer modelos 3D.<\/p>\n<p>La jornada cont\u00f3 con la participaci\u00f3n del profesor investigador de la Universidad Aut\u00f3noma de San Luis Potos\u00ed, Jorge Sim\u00f3n Rodr\u00edguez, quien present\u00f3 Sistemas y sensores de radiofrecuencia.<\/p>\n<p>De casa, participaron los profesores Walter Alexander Mata L\u00f3pez con un tema de \u201cIA generativa al servicio de la comunidad cient\u00edfica\u201d; Jos\u00e9 Luis \u00c1lvarez Flores, con su investigaci\u00f3n de \u201cDispositivos electr\u00f3nicos en apoyo a la salud\u201d y Ferm\u00edn Marcelo Rub\u00e9n Maciel Barboza, con \u201cUna mirada did\u00e1ctica a la IA explicable\u201d.<\/p>\n<p>Otros temas fueron \u201cIntegraci\u00f3n de la IA en comunicaciones inal\u00e1mbricas\u201d, a cargo de Roilhi Frajo Ibarra Hern\u00e1ndez (UNAM) y \u201cTecnolog\u00edas candidatas para redes 6G\u201d, por Francisco R. Castillo Soria (UASLP).<\/p>\n<p>Para conocer los pormenores de la jornada, se puede consultar el link en Facebook <a href=\"https:\/\/www.facebook.com\/share\/v\/1CcsNHY3w6\/\" target=\"_blank\" rel=\"noopener\">https:\/\/www.facebook.com\/share\/v\/1CcsNHY3w6\/<\/a><\/p>\n<p>&nbsp;<\/p>\n<p>&nbsp;<\/p>\n","protected":false},"excerpt":{"rendered":"<p>*Durante la ma\u00f1ana, en formato h\u00edbrido, ocho acad\u00e9micos presentaron las tendencias actuales en inteligencia artificial, internet de las cosas, tecnolog\u00edas emergentes, ingenier\u00eda y ciberseguridad, entre otros temas. Con el fin de generar un espacio de convergencia para la innovaci\u00f3n, la inteligencia artificial y el desarrollo tecnol\u00f3gico en la Universidad de Colima, este jueves 29 de&#8230;<\/p>\n","protected":false},"author":2,"featured_media":33441,"comment_status":"closed","ping_status":"open","sticky":false,"template":"","format":"standard","meta":{"footnotes":""},"categories":[14],"tags":[29,30,28],"class_list":["post-33440","post","type-post","status-publish","format-standard","has-post-thumbnail","hentry","category-educacion-y-cultura","tag-grid","tag-news","tag-slider"],"_links":{"self":[{"href":"http:\/\/elobservatorio.com.mx\/index.php?rest_route=\/wp\/v2\/posts\/33440"}],"collection":[{"href":"http:\/\/elobservatorio.com.mx\/index.php?rest_route=\/wp\/v2\/posts"}],"about":[{"href":"http:\/\/elobservatorio.com.mx\/index.php?rest_route=\/wp\/v2\/types\/post"}],"author":[{"embeddable":true,"href":"http:\/\/elobservatorio.com.mx\/index.php?rest_route=\/wp\/v2\/users\/2"}],"replies":[{"embeddable":true,"href":"http:\/\/elobservatorio.com.mx\/index.php?rest_route=%2Fwp%2Fv2%2Fcomments&post=33440"}],"version-history":[{"count":1,"href":"http:\/\/elobservatorio.com.mx\/index.php?rest_route=\/wp\/v2\/posts\/33440\/revisions"}],"predecessor-version":[{"id":33442,"href":"http:\/\/elobservatorio.com.mx\/index.php?rest_route=\/wp\/v2\/posts\/33440\/revisions\/33442"}],"wp:featuredmedia":[{"embeddable":true,"href":"http:\/\/elobservatorio.com.mx\/index.php?rest_route=\/wp\/v2\/media\/33441"}],"wp:attachment":[{"href":"http:\/\/elobservatorio.com.mx\/index.php?rest_route=%2Fwp%2Fv2%2Fmedia&parent=33440"}],"wp:term":[{"taxonomy":"category","embeddable":true,"href":"http:\/\/elobservatorio.com.mx\/index.php?rest_route=%2Fwp%2Fv2%2Fcategories&post=33440"},{"taxonomy":"post_tag","embeddable":true,"href":"http:\/\/elobservatorio.com.mx\/index.php?rest_route=%2Fwp%2Fv2%2Ftags&post=33440"}],"curies":[{"name":"wp","href":"https:\/\/api.w.org\/{rel}","templated":true}]}}