{"id":33530,"date":"2026-03-13T12:24:17","date_gmt":"2026-03-13T18:24:17","guid":{"rendered":"https:\/\/elobservatorio.com.mx\/?p=33530"},"modified":"2026-03-13T12:24:17","modified_gmt":"2026-03-13T18:24:17","slug":"universidad-de-colima-se-suma-al-abrazo-universitario-al-bachillerato-nacional","status":"publish","type":"post","link":"http:\/\/elobservatorio.com.mx\/?p=33530","title":{"rendered":"Universidad de Colima se suma al \u201cAbrazo Universitario al Bachillerato Nacional\u201d"},"content":{"rendered":"<p><em>* Con su adhesi\u00f3n, la UdeC se integra al esfuerzo nacional que busca articular de manera m\u00e1s estrecha el bachillerato con la educaci\u00f3n superior, mejorar la calidad de la formaci\u00f3n t\u00e9cnica y ampliar las oportunidades educativas para las y los j\u00f3venes del pa\u00eds.<\/em><\/p>\n<p>La Universidad de Colima (UdeC) se incorpor\u00f3 este jueves 12 de marzo a la iniciativa \u201cAbrazo Universitario al Bachillerato Nacional\u201d, con la firma de adhesi\u00f3n del rector Christian Jorge Torres Ortiz Zerme\u00f1o en las oficinas de la Secretar\u00eda de Educaci\u00f3n P\u00fablica (SEP), de la Ciudad de M\u00e9xico.<\/p>\n<p>El acto fue encabezado por el titular de la SEP, Mario Delgado Carrillo, y cont\u00f3 con la presencia de rectoras y rectores de diversas universidades p\u00fablicas del pa\u00eds que se suman a esta estrategia educativa impulsada por la presidenta Claudia Sheinbaum para fortalecer la educaci\u00f3n media superior.<\/p>\n<p>Durante la firma de esta incorporaci\u00f3n, a trav\u00e9s de un convenio espec\u00edfico como aval acad\u00e9mico, el rector estuvo acompa\u00f1ado por Mario Delgado y por Tania Rodr\u00edguez Mora, subsecretaria de Educaci\u00f3n Media Superior de la SEP.<\/p>\n<p>El \u201cAbrazo Universitario al Bachillerato Nacional\u201d es un proyecto de certificaci\u00f3n universitaria mediante el cual las instituciones p\u00fablicas estatales de educaci\u00f3n superior participan como integrantes del Consejo Acad\u00e9mico para la Transformaci\u00f3n de la Educaci\u00f3n Tecnol\u00f3gica y Profesional Media Superior. Desde este espacio colaborar\u00e1n en el proceso de certificaci\u00f3n y fortalecimiento acad\u00e9mico del Bachillerato Nacional.<\/p>\n<p>Como parte de esta iniciativa, las universidades contribuir\u00e1n en la revisi\u00f3n y actualizaci\u00f3n de planes y programas de estudio, la formulaci\u00f3n de recomendaciones sobre equipamiento de laboratorios y talleres, la actualizaci\u00f3n de materiales did\u00e1cticos y el fortalecimiento de la formaci\u00f3n docente, con el objetivo de elevar la calidad y pertinencia de la educaci\u00f3n t\u00e9cnica en el nivel medio superior.<\/p>\n<p>El proyecto forma parte de la estrategia nacional para consolidar un Bachillerato Nacional de mayor cobertura, calidad e integraci\u00f3n con la educaci\u00f3n superior. Desde 2025 se han establecido acuerdos con instituciones como la Universidad Nacional Aut\u00f3noma de M\u00e9xico, el Instituto Polit\u00e9cnico Nacional, la Universidad Aut\u00f3noma Metropolitana, el Tecnol\u00f3gico Nacional de M\u00e9xico, la Universidad Aut\u00f3noma de Nuevo Le\u00f3n y la Universidad Aut\u00f3noma del Estado de M\u00e9xico, que participan como avales acad\u00e9micos de los programas del Bachillerato Nacional.<\/p>\n<p>Entre los beneficios para las y los estudiantes destaca que la generaci\u00f3n 2026 podr\u00e1 recibir un <em>Certificado de Formaci\u00f3n Profesional<\/em> con el aval de dos instituciones de educaci\u00f3n superior o dependencias p\u00fablicas, lo que fortalecer\u00e1 el reconocimiento acad\u00e9mico y laboral de los programas t\u00e9cnicos que se imparten en este nivel educativo.<\/p>\n<p>Con su adhesi\u00f3n, la Universidad de Colima se integra a este esfuerzo nacional que busca articular de manera m\u00e1s estrecha el bachillerato con la educaci\u00f3n superior, mejorar la calidad de la formaci\u00f3n t\u00e9cnica y ampliar las oportunidades educativas para las y los j\u00f3venes de la regi\u00f3n y el pa\u00eds.<\/p>\n<p>&nbsp;<\/p>\n","protected":false},"excerpt":{"rendered":"<p>* Con su adhesi\u00f3n, la UdeC se integra al esfuerzo nacional que busca articular de manera m\u00e1s estrecha el bachillerato con la educaci\u00f3n superior, mejorar la calidad de la formaci\u00f3n t\u00e9cnica y ampliar las oportunidades educativas para las y los j\u00f3venes del pa\u00eds. La Universidad de Colima (UdeC) se incorpor\u00f3 este jueves 12 de marzo&#8230;<\/p>\n","protected":false},"author":2,"featured_media":33531,"comment_status":"closed","ping_status":"open","sticky":false,"template":"","format":"standard","meta":{"footnotes":""},"categories":[14],"tags":[29,30,28],"class_list":["post-33530","post","type-post","status-publish","format-standard","has-post-thumbnail","hentry","category-educacion-y-cultura","tag-grid","tag-news","tag-slider"],"_links":{"self":[{"href":"http:\/\/elobservatorio.com.mx\/index.php?rest_route=\/wp\/v2\/posts\/33530"}],"collection":[{"href":"http:\/\/elobservatorio.com.mx\/index.php?rest_route=\/wp\/v2\/posts"}],"about":[{"href":"http:\/\/elobservatorio.com.mx\/index.php?rest_route=\/wp\/v2\/types\/post"}],"author":[{"embeddable":true,"href":"http:\/\/elobservatorio.com.mx\/index.php?rest_route=\/wp\/v2\/users\/2"}],"replies":[{"embeddable":true,"href":"http:\/\/elobservatorio.com.mx\/index.php?rest_route=%2Fwp%2Fv2%2Fcomments&post=33530"}],"version-history":[{"count":1,"href":"http:\/\/elobservatorio.com.mx\/index.php?rest_route=\/wp\/v2\/posts\/33530\/revisions"}],"predecessor-version":[{"id":33532,"href":"http:\/\/elobservatorio.com.mx\/index.php?rest_route=\/wp\/v2\/posts\/33530\/revisions\/33532"}],"wp:featuredmedia":[{"embeddable":true,"href":"http:\/\/elobservatorio.com.mx\/index.php?rest_route=\/wp\/v2\/media\/33531"}],"wp:attachment":[{"href":"http:\/\/elobservatorio.com.mx\/index.php?rest_route=%2Fwp%2Fv2%2Fmedia&parent=33530"}],"wp:term":[{"taxonomy":"category","embeddable":true,"href":"http:\/\/elobservatorio.com.mx\/index.php?rest_route=%2Fwp%2Fv2%2Fcategories&post=33530"},{"taxonomy":"post_tag","embeddable":true,"href":"http:\/\/elobservatorio.com.mx\/index.php?rest_route=%2Fwp%2Fv2%2Ftags&post=33530"}],"curies":[{"name":"wp","href":"https:\/\/api.w.org\/{rel}","templated":true}]}}