{"id":33533,"date":"2026-03-13T13:00:57","date_gmt":"2026-03-13T19:00:57","guid":{"rendered":"https:\/\/elobservatorio.com.mx\/?p=33533"},"modified":"2026-03-13T13:00:57","modified_gmt":"2026-03-13T19:00:57","slug":"anuncia-udec-programa-piloto-en-tecoman-vinculos-que-transforman-escuela-para-padres-madres-y-tutores","status":"publish","type":"post","link":"http:\/\/elobservatorio.com.mx\/?p=33533","title":{"rendered":"Anuncia UdeC programa piloto en Tecom\u00e1n: V\u00ednculos que Transforman, Escuela para Padres, Madres y Tutores"},"content":{"rendered":"<p><em>* El objetivo de este programa es fortalecer el acompa\u00f1amiento que padres, madres y tutores brindan a sus hijos e hijas a lo largo de su trayectoria escolar.<\/em><\/p>\n<p>En rueda de prensa, este jueves 12 de marzo la Universidad de Colima anunci\u00f3 la realizaci\u00f3n del programa piloto <em>V\u00ednculos que Transforman, Escuela para Padres, Madres y Tutores<\/em>, el cual se llevar\u00e1 a cabo en el Campus de Tecom\u00e1n. El objetivo de este programa es fortalecer el acompa\u00f1amiento que padres, madres y tutores brindan a sus hijos e hijas a lo largo de su trayectoria escolar.<\/p>\n<p>Quienes dieron a conocer la informaci\u00f3n fueron: Susana Aurelia Preciado Jim\u00e9nez, coordinadora general de Docencia; Ana Lilia Moreno Oseguera, delegada del campus Tecom\u00e1n; Mart\u00edn Robles de Anda, director general de Educaci\u00f3n Media Superior; Mario Guillermo de Anda Ch\u00e1vez, director general de Educaci\u00f3n Superior y Guillermina Ch\u00e1vez Torres, directora General para el Desarrollo Integral.<\/p>\n<p>Susana Preciado dijo que este programa piloto se realizar\u00e1 en 10 bachilleratos y 3 facultades del campus Tecom\u00e1n. \u201cLa iniciativa parte de una convicci\u00f3n muy clara: La educaci\u00f3n no ocurre \u00fanicamente en las aulas, tambi\u00e9n se construye en las familias. Por ello, este programa tiene un enfoque creativo, educativo y formativo, y busca abrir espacios de di\u00e1logo con madres, padres y tutores para fortalecer el acompa\u00f1amiento que brindan a sus hijas e hijos durante su trayectoria educativa\u201d.<\/p>\n<p>Como instituci\u00f3n educativa, resalt\u00f3, la casa de estudios \u201ctiene la responsabilidad de generar puentes entre escuela y familia\u201d. En ese sentido, adelant\u00f3, \u201cse abordar\u00e1n temas como la identidad en la adolescencia, comunicaci\u00f3n familiar, salud emocional, acompa\u00f1amiento educativo y vocacional, y los desaf\u00edos del entorno digital, en ambos niveles educativos\u201d.<\/p>\n<p>Aclar\u00f3 que este programa no sustituye los servicios especializados, sino que busca generar informaci\u00f3n, reflexi\u00f3n y sensibilizaci\u00f3n para fortalecer el acompa\u00f1amiento familiar desde una perspectiva preventiva.<\/p>\n<p>En la Universidad de Colima, concluy\u00f3, \u201ccreemos firmemente que cuando la escuela y la familia trabajan juntas, se incrementan las posibilidades de bienestar; por ello, es importante que padres, madres y tutores se sumen a este esfuerzo y participen, porque al final, educar tambi\u00e9n significa acompa\u00f1ar, escuchar y cuidar los v\u00ednculos que sostienen la vida de nuestros y nuestras j\u00f3venes\u201d.<\/p>\n<p>Ana Lilia Moreno asegur\u00f3 que este programa \u201cbusca fortalecer el acompa\u00f1amiento que padres, madres y tutores brindan a sus hijos e hijas a lo largo de su trayectoria escolar, reconociendo a la familia como base de la sociedad, donde nacen los valores del cuidado y las primeras formas de aprendizaje que acompa\u00f1an un desarrollo integral\u201d.<\/p>\n<p>En su intervenci\u00f3n, Mart\u00edn Robles explic\u00f3 los contenidos del programa y resalt\u00f3 que el hecho de llevar a cabo este piloto en Tecom\u00e1n responde a \u201csituaciones espec\u00edficas que viven los j\u00f3venes en ese municipio\u201d. En este sentido, coment\u00f3 que \u201clo que m\u00e1s queremos en la Universidad es que los pap\u00e1s est\u00e9n con nosotros, que hagamos equipo y as\u00ed fortalecer la educaci\u00f3n integral de los j\u00f3venes\u201d<\/p>\n<p>Los contenidos de la escuela ser\u00e1n: identidad y adolescencia, comunicaci\u00f3n asertiva en la familia y salud emocional. \u201cHabr\u00e1 un acompa\u00f1amiento educativo y vocacional para que se tomen las mejores decisiones. Con esta escuela para padres, m\u00e1s todo lo que ofrece la Universidad, lograremos que las y los j\u00f3venes tengan un buen perfil de egreso\u201d.<\/p>\n<p>Mario Guillermo de Anda explic\u00f3 la participaci\u00f3n de la direcci\u00f3n a su cargo. \u201cNos sumamos con una serie de charlas dirigidas a las familias de estudiantes de licenciatura, en las que abordaremos temas relevantes en esta etapa de la vida universitaria\u201d.<\/p>\n<p>Algunos temas son: La responsabilidad parental en la etapa universitaria, la salud mental en estudiantes universitarios, el desaf\u00edo de establecer l\u00edmites ante estilos de crianza permisivos, la sexualidad juvenil y el acompa\u00f1amiento responsable, la prevenci\u00f3n de autolesiones y suicidio, as\u00ed como el ciberacoso y sus implicaciones legales.<\/p>\n<p>La escuela, finaliz\u00f3, \u201cbusca ofrecer herramientas de orientaci\u00f3n y reflexi\u00f3n para fortalecer la comunicaci\u00f3n familiar y el acompa\u00f1amiento responsable hacia las y los j\u00f3venes que se encuentran construyendo su identidad personal y profesional, pero sobre todo social. Estamos convencidos de que cuando universidad y familia trabajan en conjunto, se generan mejores condiciones para formar profesionistas comprometidos con su entorno y ciudadanos capaces de transformar positivamente la sociedad\u201d.<\/p>\n<p>Por \u00faltimo, Guillermina Ch\u00e1vez se\u00f1al\u00f3: \u201cNos parece fundamental contribuir a la formaci\u00f3n de esta escuela para padres, en el desarrollo de competencias que le permitan a la comunidad estudiantil la prevenci\u00f3n en temas relacionados con la depresi\u00f3n, ansiedad y la identificaci\u00f3n oportuna del riesgo suicida. Consideramos fundamental el trabajo integral y colaborativo para poder brindar las herramientas esenciales y sobre todo oportunas en el tema de salud mental\u201d.<\/p>\n<p>&nbsp;<\/p>\n","protected":false},"excerpt":{"rendered":"<p>* El objetivo de este programa es fortalecer el acompa\u00f1amiento que padres, madres y tutores brindan a sus hijos e hijas a lo largo de su trayectoria escolar. En rueda de prensa, este jueves 12 de marzo la Universidad de Colima anunci\u00f3 la realizaci\u00f3n del programa piloto V\u00ednculos que Transforman, Escuela para Padres, Madres y&#8230;<\/p>\n","protected":false},"author":2,"featured_media":33534,"comment_status":"closed","ping_status":"open","sticky":false,"template":"","format":"standard","meta":{"footnotes":""},"categories":[14],"tags":[29,30,28],"class_list":["post-33533","post","type-post","status-publish","format-standard","has-post-thumbnail","hentry","category-educacion-y-cultura","tag-grid","tag-news","tag-slider"],"_links":{"self":[{"href":"http:\/\/elobservatorio.com.mx\/index.php?rest_route=\/wp\/v2\/posts\/33533"}],"collection":[{"href":"http:\/\/elobservatorio.com.mx\/index.php?rest_route=\/wp\/v2\/posts"}],"about":[{"href":"http:\/\/elobservatorio.com.mx\/index.php?rest_route=\/wp\/v2\/types\/post"}],"author":[{"embeddable":true,"href":"http:\/\/elobservatorio.com.mx\/index.php?rest_route=\/wp\/v2\/users\/2"}],"replies":[{"embeddable":true,"href":"http:\/\/elobservatorio.com.mx\/index.php?rest_route=%2Fwp%2Fv2%2Fcomments&post=33533"}],"version-history":[{"count":1,"href":"http:\/\/elobservatorio.com.mx\/index.php?rest_route=\/wp\/v2\/posts\/33533\/revisions"}],"predecessor-version":[{"id":33535,"href":"http:\/\/elobservatorio.com.mx\/index.php?rest_route=\/wp\/v2\/posts\/33533\/revisions\/33535"}],"wp:featuredmedia":[{"embeddable":true,"href":"http:\/\/elobservatorio.com.mx\/index.php?rest_route=\/wp\/v2\/media\/33534"}],"wp:attachment":[{"href":"http:\/\/elobservatorio.com.mx\/index.php?rest_route=%2Fwp%2Fv2%2Fmedia&parent=33533"}],"wp:term":[{"taxonomy":"category","embeddable":true,"href":"http:\/\/elobservatorio.com.mx\/index.php?rest_route=%2Fwp%2Fv2%2Fcategories&post=33533"},{"taxonomy":"post_tag","embeddable":true,"href":"http:\/\/elobservatorio.com.mx\/index.php?rest_route=%2Fwp%2Fv2%2Ftags&post=33533"}],"curies":[{"name":"wp","href":"https:\/\/api.w.org\/{rel}","templated":true}]}}