{"id":33536,"date":"2026-03-13T13:22:19","date_gmt":"2026-03-13T19:22:19","guid":{"rendered":"https:\/\/elobservatorio.com.mx\/?p=33536"},"modified":"2026-03-13T13:22:19","modified_gmt":"2026-03-13T19:22:19","slug":"se-titulan-jovenes-bachilleres-con-el-metodo-de-aplicaciones-y-adaptaciones-tecnologicas","status":"publish","type":"post","link":"http:\/\/elobservatorio.com.mx\/?p=33536","title":{"rendered":"Se titulan j\u00f3venes bachilleres con el m\u00e9todo de Aplicaciones y Adaptaciones Tecnol\u00f3gicas"},"content":{"rendered":"<p><em>* Los estudiantes Tadeo, Diego y Gael lograron su titulaci\u00f3n como T\u00e9cnico Analista Programador tras desarrollar una aplicaci\u00f3n tecnol\u00f3gica dise\u00f1ada para apoyar a estudiantes de secundaria en el aprendizaje del idioma ingl\u00e9s.<\/em><\/p>\n<p>El Bachillerato 25 de la Universidad de Colima, ubicado en Comala, marc\u00f3 un precedente hist\u00f3rico en el nivel medio superior al realizar la primera titulaci\u00f3n en toda la Universidad de Colima mediante el m\u00e9todo de Aplicaciones y Adaptaciones Tecnol\u00f3gicas, consolidando as\u00ed una nueva forma de egreso basada en la innovaci\u00f3n, el desarrollo tecnol\u00f3gico y la soluci\u00f3n de problemas educativos reales.<\/p>\n<p>Los estudiantes Tadeo, Diego y Gael lograron su titulaci\u00f3n como T\u00e9cnico Analista Programador tras desarrollar una aplicaci\u00f3n tecnol\u00f3gica dise\u00f1ada para apoyar a estudiantes de secundaria en el aprendizaje del idioma ingl\u00e9s, utilizando herramientas din\u00e1micas que combinan el juego, el repaso de contenidos, ejercicios did\u00e1cticos y procesos de autoevaluaci\u00f3n.<\/p>\n<p>La aplicaci\u00f3n fue pensada bajo el principio de \u201cestudiantes creando para estudiantes\u201d, lo que permiti\u00f3 dise\u00f1ar una herramienta cercana a las necesidades reales de quienes se encuentran en proceso de aprendizaje de ese idioma. A trav\u00e9s de una interfaz sencilla y actividades interactivas, los usuarios pueden reforzar vocabulario, practicar estructuras b\u00e1sicas y evaluar su progreso de manera aut\u00f3noma.<\/p>\n<p>Uno de los aspectos destacados del proyecto es que la aplicaci\u00f3n es completamente gratuita, lo que busca ampliar el acceso a recursos educativos digitales y contribuir al fortalecimiento del aprendizaje del ingl\u00e9s en estudiantes de educaci\u00f3n secundaria.<\/p>\n<p>El proyecto cont\u00f3 con el apoyo de la docente de ingl\u00e9s del Bachillerato 25, Martha Patricia Sol\u00eds y del el docente Iv\u00e1n Betancourt Arrazola, quien desempe\u00f1\u00f3 un papel clave como asesor.<\/p>\n<p>Este logro no solo representa un paso importante para los bachilleres titulados, sino que abre nuevas posibilidades para la educaci\u00f3n media superior, al demostrar que desde el bachillerato es posible generar proyectos tecnol\u00f3gicos con impacto educativo y social.<\/p>\n<p>Tadeo, Diego y Gael, se convierten as\u00ed en los primeros estudiantes del nivel medio superior de la Universidad de Colima en titularse mediante el desarrollo de una aplicaci\u00f3n tecnol\u00f3gica, sentando un precedente que inspira a futuras generaciones a innovar y a utilizar la tecnolog\u00eda como herramienta para transformar la educaci\u00f3n.<\/p>\n<p>&nbsp;<\/p>\n","protected":false},"excerpt":{"rendered":"<p>* Los estudiantes Tadeo, Diego y Gael lograron su titulaci\u00f3n como T\u00e9cnico Analista Programador tras desarrollar una aplicaci\u00f3n tecnol\u00f3gica dise\u00f1ada para apoyar a estudiantes de secundaria en el aprendizaje del idioma ingl\u00e9s. El Bachillerato 25 de la Universidad de Colima, ubicado en Comala, marc\u00f3 un precedente hist\u00f3rico en el nivel medio superior al realizar la&#8230;<\/p>\n","protected":false},"author":2,"featured_media":33537,"comment_status":"closed","ping_status":"open","sticky":false,"template":"","format":"standard","meta":{"footnotes":""},"categories":[14],"tags":[29,30,28],"class_list":["post-33536","post","type-post","status-publish","format-standard","has-post-thumbnail","hentry","category-educacion-y-cultura","tag-grid","tag-news","tag-slider"],"_links":{"self":[{"href":"http:\/\/elobservatorio.com.mx\/index.php?rest_route=\/wp\/v2\/posts\/33536"}],"collection":[{"href":"http:\/\/elobservatorio.com.mx\/index.php?rest_route=\/wp\/v2\/posts"}],"about":[{"href":"http:\/\/elobservatorio.com.mx\/index.php?rest_route=\/wp\/v2\/types\/post"}],"author":[{"embeddable":true,"href":"http:\/\/elobservatorio.com.mx\/index.php?rest_route=\/wp\/v2\/users\/2"}],"replies":[{"embeddable":true,"href":"http:\/\/elobservatorio.com.mx\/index.php?rest_route=%2Fwp%2Fv2%2Fcomments&post=33536"}],"version-history":[{"count":1,"href":"http:\/\/elobservatorio.com.mx\/index.php?rest_route=\/wp\/v2\/posts\/33536\/revisions"}],"predecessor-version":[{"id":33538,"href":"http:\/\/elobservatorio.com.mx\/index.php?rest_route=\/wp\/v2\/posts\/33536\/revisions\/33538"}],"wp:featuredmedia":[{"embeddable":true,"href":"http:\/\/elobservatorio.com.mx\/index.php?rest_route=\/wp\/v2\/media\/33537"}],"wp:attachment":[{"href":"http:\/\/elobservatorio.com.mx\/index.php?rest_route=%2Fwp%2Fv2%2Fmedia&parent=33536"}],"wp:term":[{"taxonomy":"category","embeddable":true,"href":"http:\/\/elobservatorio.com.mx\/index.php?rest_route=%2Fwp%2Fv2%2Fcategories&post=33536"},{"taxonomy":"post_tag","embeddable":true,"href":"http:\/\/elobservatorio.com.mx\/index.php?rest_route=%2Fwp%2Fv2%2Ftags&post=33536"}],"curies":[{"name":"wp","href":"https:\/\/api.w.org\/{rel}","templated":true}]}}