{"id":3367,"date":"2019-03-25T20:11:24","date_gmt":"2019-03-25T20:11:24","guid":{"rendered":"http:\/\/elobservatorio.com.mx\/determina-la-sfp-la-legalidad-en-concesiones-de-la-sct-en-manzanillo"},"modified":"2019-03-25T20:11:24","modified_gmt":"2019-03-25T20:11:24","slug":"determina-la-sfp-la-legalidad-en-concesiones-de-la-sct-en-manzanillo","status":"publish","type":"post","link":"http:\/\/elobservatorio.com.mx\/?p=3367","title":{"rendered":"Determina la SFP la legalidad en concesiones de la SCT en Manzanillo"},"content":{"rendered":"<p><em>*La empresa Log\u00edstica de Fluidos y Gr\u00e1neles, S.A. de C.V. podr\u00e1 construir, operar y explotar una terminal de uso particular especializada en el manejo de fluidos petroleros y no petroleros en la Laguna de Cuyutl\u00e1n, de Manzanillo, Colima.<\/em><\/p>\n<p>La Secretar\u00eda de la Funci\u00f3n P\u00fablica (SFP) determin\u00f3 que funcionarios de la Secretar\u00eda de Comunicaciones y Transportes (SCT) actuaron de forma legal en materia administrativa al rechazar la concesi\u00f3n solicitada por Porter FG, S.A de C.V., para construir, operar y explotar una terminal de uso particular especializada en el manejo de fluidos petroleros y no petroleros en la Laguna de Cuyutl\u00e1n, de Manzanillo, Colima.<\/p>\n<p>El pasado 8 de febrero, la Secretar\u00eda de la Funci\u00f3n P\u00fablica determin\u00f3 que no existen elementos que hagan suponer que los funcionarios actuaron de forma irregular, por lo que no proceden sanciones administrativas.<\/p>\n<p>\u201cNo se cuenta con los elementos de prueba para poder crear convicci\u00f3n y establecer la presunci\u00f3n de existencia de irregularidades derivadas de la comisi\u00f3n de hechos que se se\u00f1alan en la denuncia\u201d, precisa el expediente n\u00famero 2018\/SCT\/DE504.\u201d<\/p>\n<p>Esto a ra\u00edz de una denuncia en contra de los servidores p\u00fablicos a quienes se les se\u00f1al\u00f3 por presuntamente favorecer a la empresa Log\u00edstica de Fluidos y Gr\u00e1neles, S.A. de C.V.<\/p>\n<p>Este es uno m\u00e1s de los recursos presentados por Porter FG, de Esteban Mirando Soto, que echan abajo las autoridades, entre ellas el Poder Judicial.<\/p>\n<p>A esta empresa se le se\u00f1ala por emprender una campa\u00f1a de desprestigio contra la SCT luego de no obtener la concesi\u00f3n, aunque cabe destacar que este permiso no es de competencia de Comunicaciones y Transportes.<\/p>\n<p>La investigaci\u00f3n plasmada en el expediente 2018\/SCT\/DE400 comprueba que todo el procedimiento fue apegado a la Ley de Puertos.<\/p>\n","protected":false},"excerpt":{"rendered":"<p>*La empresa Log\u00edstica de Fluidos y Gr\u00e1neles, S.A. de C.V. podr\u00e1 construir, operar y explotar una terminal de uso particular especializada en el manejo de fluidos petroleros y no petroleros en la Laguna de Cuyutl\u00e1n, de Manzanillo, Colima. La Secretar\u00eda de la Funci\u00f3n P\u00fablica (SFP) determin\u00f3 que funcionarios de la Secretar\u00eda de Comunicaciones y Transportes&#8230;<\/p>\n","protected":false},"author":2,"featured_media":3368,"comment_status":"open","ping_status":"open","sticky":false,"template":"","format":"standard","meta":{"footnotes":""},"categories":[17],"tags":[29,30,28],"class_list":["post-3367","post","type-post","status-publish","format-standard","has-post-thumbnail","hentry","category-economia-y-negocios","tag-grid","tag-news","tag-slider"],"_links":{"self":[{"href":"http:\/\/elobservatorio.com.mx\/index.php?rest_route=\/wp\/v2\/posts\/3367"}],"collection":[{"href":"http:\/\/elobservatorio.com.mx\/index.php?rest_route=\/wp\/v2\/posts"}],"about":[{"href":"http:\/\/elobservatorio.com.mx\/index.php?rest_route=\/wp\/v2\/types\/post"}],"author":[{"embeddable":true,"href":"http:\/\/elobservatorio.com.mx\/index.php?rest_route=\/wp\/v2\/users\/2"}],"replies":[{"embeddable":true,"href":"http:\/\/elobservatorio.com.mx\/index.php?rest_route=%2Fwp%2Fv2%2Fcomments&post=3367"}],"version-history":[{"count":0,"href":"http:\/\/elobservatorio.com.mx\/index.php?rest_route=\/wp\/v2\/posts\/3367\/revisions"}],"wp:featuredmedia":[{"embeddable":true,"href":"http:\/\/elobservatorio.com.mx\/index.php?rest_route=\/wp\/v2\/media\/3368"}],"wp:attachment":[{"href":"http:\/\/elobservatorio.com.mx\/index.php?rest_route=%2Fwp%2Fv2%2Fmedia&parent=3367"}],"wp:term":[{"taxonomy":"category","embeddable":true,"href":"http:\/\/elobservatorio.com.mx\/index.php?rest_route=%2Fwp%2Fv2%2Fcategories&post=3367"},{"taxonomy":"post_tag","embeddable":true,"href":"http:\/\/elobservatorio.com.mx\/index.php?rest_route=%2Fwp%2Fv2%2Ftags&post=3367"}],"curies":[{"name":"wp","href":"https:\/\/api.w.org\/{rel}","templated":true}]}}