{"id":3373,"date":"2019-03-25T20:51:48","date_gmt":"2019-03-25T20:51:48","guid":{"rendered":"http:\/\/elobservatorio.com.mx\/inicia-65-muestra-internacional-de-cine"},"modified":"2019-03-25T20:51:48","modified_gmt":"2019-03-25T20:51:48","slug":"inicia-65-muestra-internacional-de-cine","status":"publish","type":"post","link":"http:\/\/elobservatorio.com.mx\/?p=3373","title":{"rendered":"Inicia 65 Muestra Internacional de Cine"},"content":{"rendered":"<p>Con gran \u00e9xito inici\u00f3 la 65 Muestra Internacional de Cine 2019 que lleva a cabo el Gobierno del Estado de Colima. Al encabezar el evento de inauguraci\u00f3n, el secretario de Cultura, Carlos Ram\u00edrez Vuelvas, invit\u00f3 a los colimenses a no perderse este evento de cine en el que se proyectaran 14 films en tres sedes distintas, el Teatro Hidalgo en Colima; el Auditorio de Salagua, en Manzanillo y el auditorio Juan Rulfo, en Comala.<\/p>\n<p>La Muestra estar\u00e1 hasta el 3 de abril, para m\u00e1s informaci\u00f3n consulta la cartelera en http:\/\/culturacolima.gob.mx\/<\/p>\n","protected":false},"excerpt":{"rendered":"<p>Con gran \u00e9xito inici\u00f3 la 65 Muestra Internacional de Cine 2019 que lleva a cabo el Gobierno del Estado de Colima. Al encabezar el evento de inauguraci\u00f3n, el secretario de Cultura, Carlos Ram\u00edrez Vuelvas, invit\u00f3 a los colimenses a no perderse este evento de cine en el que se proyectaran 14 films en tres sedes&#8230;<\/p>\n","protected":false},"author":2,"featured_media":3374,"comment_status":"open","ping_status":"open","sticky":false,"template":"","format":"standard","meta":{"footnotes":""},"categories":[19],"tags":[29,30,28],"class_list":["post-3373","post","type-post","status-publish","format-standard","has-post-thumbnail","hentry","category-fotonotas","tag-grid","tag-news","tag-slider"],"_links":{"self":[{"href":"http:\/\/elobservatorio.com.mx\/index.php?rest_route=\/wp\/v2\/posts\/3373"}],"collection":[{"href":"http:\/\/elobservatorio.com.mx\/index.php?rest_route=\/wp\/v2\/posts"}],"about":[{"href":"http:\/\/elobservatorio.com.mx\/index.php?rest_route=\/wp\/v2\/types\/post"}],"author":[{"embeddable":true,"href":"http:\/\/elobservatorio.com.mx\/index.php?rest_route=\/wp\/v2\/users\/2"}],"replies":[{"embeddable":true,"href":"http:\/\/elobservatorio.com.mx\/index.php?rest_route=%2Fwp%2Fv2%2Fcomments&post=3373"}],"version-history":[{"count":0,"href":"http:\/\/elobservatorio.com.mx\/index.php?rest_route=\/wp\/v2\/posts\/3373\/revisions"}],"wp:featuredmedia":[{"embeddable":true,"href":"http:\/\/elobservatorio.com.mx\/index.php?rest_route=\/wp\/v2\/media\/3374"}],"wp:attachment":[{"href":"http:\/\/elobservatorio.com.mx\/index.php?rest_route=%2Fwp%2Fv2%2Fmedia&parent=3373"}],"wp:term":[{"taxonomy":"category","embeddable":true,"href":"http:\/\/elobservatorio.com.mx\/index.php?rest_route=%2Fwp%2Fv2%2Fcategories&post=3373"},{"taxonomy":"post_tag","embeddable":true,"href":"http:\/\/elobservatorio.com.mx\/index.php?rest_route=%2Fwp%2Fv2%2Ftags&post=3373"}],"curies":[{"name":"wp","href":"https:\/\/api.w.org\/{rel}","templated":true}]}}